{"id":155383,"date":"2022-08-20T16:54:07","date_gmt":"2022-08-20T20:54:07","guid":{"rendered":"https:\/\/linitiative.ca\/International\/69eme-anniversaire-de-la-revolution-du-roi-et-du-peuple-voici-le-discours-integral-de-s-m-le-roi-mohammed-vi\/"},"modified":"2022-08-20T16:54:07","modified_gmt":"2022-08-20T20:54:07","slug":"69eme-anniversaire-de-la-revolution-du-roi-et-du-peuple-voici-le-discours-integral-de-s-m-le-roi-mohammed-vi","status":"publish","type":"post","link":"https:\/\/linitiative.ca\/International\/69eme-anniversaire-de-la-revolution-du-roi-et-du-peuple-voici-le-discours-integral-de-s-m-le-roi-mohammed-vi\/","title":{"rendered":"69\u00e8me anniversaire de la R\u00e9volution du Roi et du Peuple. Voici le discours int\u00e9gral de S.M. le Roi Mohammed VI"},"content":{"rendered":"<div><img decoding=\"async\" width=\"631\" height=\"344\" src=\"https:\/\/linitiative.ca\/International\/wp-content\/uploads\/sites\/23\/2022\/08\/SM-Mohammed-VI-Discours.png\" class=\"attachment-post-thumbnail size-post-thumbnail wp-post-image\" alt=\"\" loading=\"lazy\" srcset=\"https:\/\/linitiative.ca\/International\/wp-content\/uploads\/sites\/23\/2022\/08\/SM-Mohammed-VI-Discours.png 631w, https:\/\/www.challenge.ma\/wp-content\/uploads\/2022\/08\/SM-Mohammed-VI-Discours-300x164.png 300w, https:\/\/www.challenge.ma\/wp-content\/uploads\/2022\/08\/SM-Mohammed-VI-Discours-360x196.png 360w\" sizes=\"auto, (max-width: 631px) 100vw, 631px\" itemprop=\"image\">S.M. le Roi Mohammed VI a adress\u00e9 ce samedi 20 ao\u00fbt au soir un discours \u00e0 la Nation \u00e0 l\u2019occasion du 69\u00e8me anniversaire de la R\u00e9volution du Roi et du Peuple. Voici le texte int\u00e9gral du Discours royal : \u00abLouange \u00e0 Dieu, Pri\u00e8re et salut sur le Proph\u00e8te, Sa famille<\/div>\n<p>Auteur: David J\u00e9r\u00e9mie<br \/>\n<a href=\"https:\/\/www.challenge.ma\/69eme-anniversaire-de-la-revolution-du-roi-et-du-peuple-voici-le-discours-integral-de-s-m-le-roi-mohammed-vi-243820\/\">Cliquez ici pour lire l&rsquo;article depuis sa source.<\/a><\/p>\n","protected":false},"excerpt":{"rendered":"<p>S.M. le Roi Mohammed VI a adress\u00e9 ce samedi 20 ao\u00fbt au soir un discours \u00e0 la Nation \u00e0 l\u2019occasion du 69\u00e8me anniversaire de la R\u00e9volution du Roi et du Peuple. Voici le texte int\u00e9gral du Discours royal : \u00abLouange \u00e0 Dieu, Pri\u00e8re et salut sur le Proph\u00e8te, Sa famille Auteur: David J\u00e9r\u00e9mie Cliquez ici [&hellip;]<\/p>\n","protected":false},"author":1787,"featured_media":0,"comment_status":"closed","ping_status":"closed","sticky":false,"template":"","format":"standard","meta":{"fifu_image_url":"https:\/\/www.challenge.ma\/wp-content\/uploads\/2022\/08\/SM-Mohammed-VI-Discours.png","fifu_image_alt":"69\u00e8me anniversaire de la R\u00e9volution du Roi et du Peuple. Voici le discours int\u00e9gral de S.M. le Roi Mohammed VI","footnotes":""},"categories":[78,54],"tags":[],"class_list":["post-155383","post","type-post","status-publish","format-standard","hentry","category-economie","category-maroc"],"_links":{"self":[{"href":"https:\/\/linitiative.ca\/International\/wp-json\/wp\/v2\/posts\/155383","targetHints":{"allow":["GET"]}}],"collection":[{"href":"https:\/\/linitiative.ca\/International\/wp-json\/wp\/v2\/posts"}],"about":[{"href":"https:\/\/linitiative.ca\/International\/wp-json\/wp\/v2\/types\/post"}],"author":[{"embeddable":true,"href":"https:\/\/linitiative.ca\/International\/wp-json\/wp\/v2\/users\/1787"}],"replies":[{"embeddable":true,"href":"https:\/\/linitiative.ca\/International\/wp-json\/wp\/v2\/comments?post=155383"}],"version-history":[{"count":0,"href":"https:\/\/linitiative.ca\/International\/wp-json\/wp\/v2\/posts\/155383\/revisions"}],"wp:attachment":[{"href":"https:\/\/linitiative.ca\/International\/wp-json\/wp\/v2\/media?parent=155383"}],"wp:term":[{"taxonomy":"category","embeddable":true,"href":"https:\/\/linitiative.ca\/International\/wp-json\/wp\/v2\/categories?post=155383"},{"taxonomy":"post_tag","embeddable":true,"href":"https:\/\/linitiative.ca\/International\/wp-json\/wp\/v2\/tags?post=155383"}],"curies":[{"name":"wp","href":"https:\/\/api.w.org\/{rel}","templated":true}]}}