{"id":155391,"date":"2022-08-20T08:14:40","date_gmt":"2022-08-20T12:14:40","guid":{"rendered":"https:\/\/linitiative.ca\/International\/complexe-ecologique-ponasi-les-menaces-securitaires-au-centre-dechanges-entre-acteurs-impliques-dans-la-gestion\/"},"modified":"2022-08-20T08:14:40","modified_gmt":"2022-08-20T12:14:40","slug":"complexe-ecologique-ponasi-les-menaces-securitaires-au-centre-dechanges-entre-acteurs-impliques-dans-la-gestion","status":"publish","type":"post","link":"https:\/\/linitiative.ca\/International\/complexe-ecologique-ponasi-les-menaces-securitaires-au-centre-dechanges-entre-acteurs-impliques-dans-la-gestion\/","title":{"rendered":"Complexe \u00e9cologique PONASI : Les menaces s\u00e9curitaires au centre d\u2019\u00e9changes entre acteurs impliqu\u00e9s dans la gestion"},"content":{"rendered":"<div>\n<p><strong>Les acteurs impliqu\u00e9s dans la gestion et l\u2019utilisation des ressources naturelles du complexe \u00e9cologique PONASI situ\u00e9 \u00e0 cheval entre les r\u00e9gions du Centre-sud, du Centre-est et du Centre-ouest ont tenu, vendredi 19 ao\u00fbt 2022, \u00e0 Manga, la premi\u00e8re session du forum r\u00e9gional PONASI avec au menu les probl\u00e8mes actuels qui minent le complexe dont l\u2019ins\u00e9curit\u00e9. <\/strong><\/p>\n<hr>\n<p>La probl\u00e9matique de l\u2019ins\u00e9curit\u00e9 pr\u00e9occupe les parties prenantes des aires prot\u00e9g\u00e9es PONASI, un complexe \u00e9cologique partag\u00e9 entre les r\u00e9gions du Centre-sud, du Centre-est et du Centre-ouest et qui regroupe le parc national de P\u00f4 (PNKT \u2013 Parc National Kabor\u00e9 Tambi), le ranch de Nazinga et la for\u00eat class\u00e9e de la Sissili.<\/p>\n<p>R\u00e9unis, \u00e0 Manga, le vendredi 19 ao\u00fbt 2022 \u00e0 l\u2019occasion de la toute premi\u00e8re session de leur forum d\u00e9nomm\u00e9 \u00ab\u00a0<em>forum du PONASI<\/em>\u00a0\u00bb, les acteurs du complexe, venus des trois r\u00e9gions concern\u00e9es, ont plac\u00e9 la question au c\u0153ur de leurs \u00e9changes sous le th\u00e8me\u00a0:\u00a0\u00ab <em>Gestion durable des ressources du complexe \u00e9cologique PONASI dans un contexte s\u00e9curitaire difficile : enjeux et d\u00e9fis<\/em> \u00bb.<\/p>\n<figure id=\"attachment_53623\" aria-describedby=\"caption-attachment-53623\" style=\"width: 696px\" class=\"wp-caption alignnone\"><img decoding=\"async\" data-attachment-id=\"53623\" data-permalink=\"https:\/\/www.sidwaya.info\/blog\/2022\/08\/20\/complexe-ecologique-ponasi-les-menaces-securitaires-au-centre-dechanges-entre-acteurs-impliques-dans-la-gestion\/attachment\/41\/\" data-orig-file=\"https:\/\/i0.wp.com\/www.sidwaya.info\/wp-content\/uploads\/2022\/08\/41-e1660997341765.jpg?fit=600%2C276&amp;ssl=1\" data-orig-size=\"600,276\" data-comments-opened=\"1\" data-image-meta='{\"aperture\":\"0\",\"credit\":\"\",\"camera\":\"\",\"caption\":\"\",\"created_timestamp\":\"1660910401\",\"copyright\":\"\",\"focal_length\":\"0\",\"iso\":\"0\",\"shutter_speed\":\"0\",\"title\":\"\",\"orientation\":\"1\"}' data-image-title=\"\" data-image-description=\"\" data-image-caption=\"&lt;p&gt;Les participants sont issus des trois r\u00e9gions partageant le p\u00e9rim\u00e8tre du complexe PONASI. \u00a9 : Mamady Zango pour Sidwaya.info. Editions Sidwaya&lt;\/p&gt;\n\" data-medium-file=\"https:\/\/i0.wp.com\/www.sidwaya.info\/wp-content\/uploads\/2022\/08\/41-e1660997341765.jpg?fit=300%2C138&amp;ssl=1\" data-large-file=\"https:\/\/i0.wp.com\/www.sidwaya.info\/wp-content\/uploads\/2022\/08\/41-e1660997341765.jpg?fit=696%2C522&amp;ssl=1\" loading=\"lazy\" class=\" td-modal-image wp-image-53623 size-large\" src=\"https:\/\/i0.wp.com\/www.sidwaya.info\/wp-content\/uploads\/2022\/08\/41.jpg?resize=696,522&amp;ssl=1\" alt=\"\" width=\"696\" height=\"522\" data-recalc-dims=\"1\"><figcaption id=\"caption-attachment-53623\" class=\"wp-caption-text\"><strong>Les participants sont issus des trois r\u00e9gions partageant le p\u00e9rim\u00e8tre du complexe PONASI. \u00a9 : Mamady Zango pour Sidwaya.info. Editions Sidwaya<\/strong><\/figcaption><\/figure>\n<p>L\u2019initiative de la rencontre est de l\u2019ONG Naturama en collaboration avec NITIDAE et Anges gardiens de la Nature (AGN), des partenaires avec lesquels elle met en \u0153uvre le projet d\u00e9nomm\u00e9 \u00ab\u00a0<em>Projet d\u2019appui \u00e0 l\u2019am\u00e9lioration du capital naturel du paysage PONASI et \u00e0 l\u2019accroissement de la r\u00e9silience des communaut\u00e9s riveraines<\/em> \u00bb, financ\u00e9 par l\u2019Union Europ\u00e9enne.<\/p>\n<p>Selon le directeur ex\u00e9cutif de Naturama, Idrissa Z\u00e8ba, l\u2019orientation des r\u00e9flexions vers la question s\u00e9curitaire, lors de la premi\u00e8re session du forum PONASI, s\u2019explique par le fait que le complexe connait des conflits r\u00e9currents entre acteurs tels que les conflits entre agriculteurs, entre agriculteurs et \u00e9leveurs ou entre agriculteurs et \u00e9leveurs et agents des eaux et for\u00eats.<\/p>\n<p>Outre cette difficult\u00e9, il y a l\u2019\u00e9ventualit\u00e9 de l\u2019occupation de certains de ces espaces par des groupes arm\u00e9s malveillants, a-t-il fait comprendre.<\/p>\n<p><span class=\"td_btn td_btn_md td_shadow_btn\">\u00ab\u00a0<em>Par endroit, nos for\u00eats class\u00e9es sont des nids de terroristes et ce qui est arriv\u00e9 ailleurs nous voulons \u00e9viter que cela se produise dans ce complexe qui est constitu\u00e9 de for\u00eats importantes pour notre pays<\/em>\u00a0\u00bb, a soutenu M. Z\u00e8ba.<\/span><\/p>\n<p style=\"text-align: center\"><strong>Un processus participatif et inclusif<\/strong><\/p>\n<p>A \u00e9couter le directeur ex\u00e9cutif de Naturama, les recommandations \u00e0 l\u2019issue des travaux du forum vont donc permettre de renforcer davantage l\u2019implication effective des communaut\u00e9s riveraines \u00e0 la s\u00e9curisation du complexe.<\/p>\n<figure id=\"attachment_53621\" aria-describedby=\"caption-attachment-53621\" style=\"width: 696px\" class=\"wp-caption alignnone\"><img decoding=\"async\" data-attachment-id=\"53621\" data-permalink=\"https:\/\/www.sidwaya.info\/blog\/2022\/08\/20\/complexe-ecologique-ponasi-les-menaces-securitaires-au-centre-dechanges-entre-acteurs-impliques-dans-la-gestion\/22-2\/\" data-orig-file=\"https:\/\/i0.wp.com\/www.sidwaya.info\/wp-content\/uploads\/2022\/08\/22-e1660997158221.jpg?fit=600%2C493&amp;ssl=1\" data-orig-size=\"600,493\" data-comments-opened=\"1\" data-image-meta='{\"aperture\":\"0\",\"credit\":\"\",\"camera\":\"\",\"caption\":\"\",\"created_timestamp\":\"1660911938\",\"copyright\":\"\",\"focal_length\":\"0\",\"iso\":\"0\",\"shutter_speed\":\"0\",\"title\":\"\",\"orientation\":\"1\"}' data-image-title=\"\" data-image-description=\"\" data-image-caption=\"&lt;p&gt;Le directeur ex\u00e9cutif de Naturama, Idrissa Z\u00e8ba, a soulign\u00e9 que les recommandations vont permettre de prendre des mesures contre les menaces s\u00e9curitaires. \u00a9 : Mamady Zango pour Sidwaya.info. Editions Sidwaya&lt;\/p&gt;\n\" data-medium-file=\"https:\/\/i0.wp.com\/www.sidwaya.info\/wp-content\/uploads\/2022\/08\/22-e1660997158221.jpg?fit=300%2C247&amp;ssl=1\" data-large-file=\"https:\/\/i0.wp.com\/www.sidwaya.info\/wp-content\/uploads\/2022\/08\/22-e1660997158221.jpg?fit=696%2C572&amp;ssl=1\" loading=\"lazy\" class=\"size-large wp-image-53621\" src=\"https:\/\/i0.wp.com\/www.sidwaya.info\/wp-content\/uploads\/2022\/08\/22-e1660997144970-1024x842.jpg?resize=696,572&amp;ssl=1\" alt=\"\" width=\"696\" height=\"572\" data-recalc-dims=\"1\"><figcaption id=\"caption-attachment-53621\" class=\"wp-caption-text\"><strong>Le directeur ex\u00e9cutif de Naturama, Idrissa Z\u00e8ba, a soulign\u00e9 que les recommandations vont permettre de prendre des mesures contre les menaces s\u00e9curitaires. \u00a9 : Mamady Zango pour Sidwaya.info. Editions Sidwaya<\/strong><\/figcaption><\/figure>\n<p>Au nombre des propositions des participants au forum, il est \u00e9galement attendu des solutions aux probl\u00e8mes du pastoralisme, un autre sujet qui sera abord\u00e9 lors des \u00e9changes, a soulign\u00e9 Idrissa Z\u00e8ba.<\/p>\n<p>La gouverneure du Centre-sud, Yvette Nacoulma, dont la r\u00e9gion abrite la toute premi\u00e8re session du forum PONASI, a rappel\u00e9 que ce cadre de concertation est l\u2019aboutissement d\u2019un processus participatif et inclusif ayant mobilis\u00e9 pendant plus d\u2019une ann\u00e9e toutes les parties prenantes du complexe.<\/p>\n<p><span class=\"td_shadow_btn td_btn td_btn_md\">\u00ab\u00a0<em>Le Forum du PONASI est une instance d\u2019\u00e9changes multi acteurs, une tribune de dialogue, de r\u00e9flexion permanente entre toutes les parties prenantes impliqu\u00e9es dans la gestion et l\u2019utilisation des ressources naturelles du complexe<\/em>\u00a0\u00bb, a-t-elle dit.<\/span><\/p>\n<p>La gouverneure a aussi lou\u00e9 l\u2019opportunit\u00e9 que le forum offre aux acteurs de partager des informations et des connaissances sur la vie du complexe et d\u2019interpeller les d\u00e9cideurs sur leurs responsabilit\u00e9s dans la gouvernance de ses ressources.<\/p>\n<p>Le directeur r\u00e9gional de l\u2019Environnement, de l\u2019Energie, de l\u2019Eau et de l\u2019Assainissement du Centre-sud,\u00a0Mo\u00efse Sia, a aussi abond\u00e9 dans le sens de la gouverneure en \u00e9voquant le bien-fond\u00e9 de l\u2019initiative qui r\u00e9unit les diff\u00e9rentes composantes de l\u2019ensemble des trois r\u00e9gions partageant le p\u00e9rim\u00e8tre du complexe.<\/p>\n<figure id=\"attachment_53622\" aria-describedby=\"caption-attachment-53622\" style=\"width: 696px\" class=\"wp-caption alignnone\"><img decoding=\"async\" data-attachment-id=\"53622\" data-permalink=\"https:\/\/www.sidwaya.info\/blog\/2022\/08\/20\/complexe-ecologique-ponasi-les-menaces-securitaires-au-centre-dechanges-entre-acteurs-impliques-dans-la-gestion\/attachment\/32\/\" data-orig-file=\"https:\/\/i0.wp.com\/www.sidwaya.info\/wp-content\/uploads\/2022\/08\/32-e1660997245263.jpg?fit=600%2C438&amp;ssl=1\" data-orig-size=\"600,438\" data-comments-opened=\"1\" data-image-meta='{\"aperture\":\"0\",\"credit\":\"\",\"camera\":\"\",\"caption\":\"\",\"created_timestamp\":\"1660912680\",\"copyright\":\"\",\"focal_length\":\"0\",\"iso\":\"0\",\"shutter_speed\":\"0\",\"title\":\"\",\"orientation\":\"1\"}' data-image-title=\"\" data-image-description=\"\" data-image-caption=\"&lt;p&gt;Le directeur r\u00e9gional de l\u2019Environnement, de l\u2019Energie, de l\u2019Eau et de l\u2019Assainissement du Centre-sud, Mo\u00efse Sia, a salu\u00e9 la tenue du forum. \u00a9 : Mamady Zango pour Sidwaya.info. Editions Sidwaya &lt;\/p&gt;\n\" data-medium-file=\"https:\/\/i0.wp.com\/www.sidwaya.info\/wp-content\/uploads\/2022\/08\/32-e1660997245263.jpg?fit=300%2C219&amp;ssl=1\" data-large-file=\"https:\/\/i0.wp.com\/www.sidwaya.info\/wp-content\/uploads\/2022\/08\/32-e1660997245263.jpg?fit=696%2C508&amp;ssl=1\" loading=\"lazy\" class=\"size-large wp-image-53622\" src=\"https:\/\/i0.wp.com\/www.sidwaya.info\/wp-content\/uploads\/2022\/08\/32-e1660997234842-1024x747.jpg?resize=696,508&amp;ssl=1\" alt=\"\" width=\"696\" height=\"508\" data-recalc-dims=\"1\"><figcaption id=\"caption-attachment-53622\" class=\"wp-caption-text\"><strong>Le directeur r\u00e9gional de l\u2019Environnement, de l\u2019Energie, de l\u2019Eau et de l\u2019Assainissement du Centre-sud, Mo\u00efse Sia, a salu\u00e9 la tenue du forum. \u00a9 : Mamady Zango pour Sidwaya.info. Editions Sidwaya<\/strong><\/figcaption><\/figure>\n<p>\u00ab\u00a0<em>Si l\u2019ensemble des partenaires des trois r\u00e9gions administratives \u00e0 savoir l\u2019administration publique, le secteur priv\u00e9, les ONG, les associations et les collectivit\u00e9s se retrouvent pour \u00e9changer sur les difficult\u00e9s qui existent dans la gestion du complexe, harmoniser les points de vue et b\u00e2tir une m\u00e9thode de travail commun, c\u2019est une tr\u00e8s bonne initiative et elle est la bienvenue<\/em>\u00a0\u00bb, a fait savoir Mo\u00efse Sia.<\/p>\n<p><strong>Mamady ZANGO<\/strong><\/p>\n<p>mzango18@gmail.com<\/p>\n<\/div>\n<p>Auteur: Wamini SIDWAYA<br \/>\n<a href=\"https:\/\/www.sidwaya.info\/blog\/2022\/08\/20\/complexe-ecologique-ponasi-les-menaces-securitaires-au-centre-dechanges-entre-acteurs-impliques-dans-la-gestion\/\">Cliquez ici pour lire l&rsquo;article depuis sa source.<\/a><\/p>\n","protected":false},"excerpt":{"rendered":"<p>Les acteurs impliqu\u00e9s dans la gestion et l\u2019utilisation des ressources naturelles du complexe \u00e9cologique PONASI situ\u00e9 \u00e0 cheval entre les r\u00e9gions du Centre-sud, du Centre-est et du Centre-ouest ont tenu, vendredi 19 ao\u00fbt 2022, \u00e0 Manga, la premi\u00e8re session du forum r\u00e9gional PONASI avec au menu les probl\u00e8mes actuels qui minent le complexe dont l\u2019ins\u00e9curit\u00e9. [&hellip;]<\/p>\n","protected":false},"author":1816,"featured_media":0,"comment_status":"closed","ping_status":"closed","sticky":false,"template":"","format":"standard","meta":{"fifu_image_url":"https:\/\/i0.wp.com\/www.sidwaya.info\/wp-content\/uploads\/2022\/08\/41.jpg?resize=696,522&ssl=1","fifu_image_alt":"Complexe \u00e9cologique PONASI : Les menaces s\u00e9curitaires au centre d\u2019\u00e9changes entre acteurs impliqu\u00e9s dans la gestion","footnotes":""},"categories":[73,81],"tags":[],"class_list":["post-155391","post","type-post","status-publish","format-standard","hentry","category-actualite","category-burkina-faso"],"_links":{"self":[{"href":"https:\/\/linitiative.ca\/International\/wp-json\/wp\/v2\/posts\/155391","targetHints":{"allow":["GET"]}}],"collection":[{"href":"https:\/\/linitiative.ca\/International\/wp-json\/wp\/v2\/posts"}],"about":[{"href":"https:\/\/linitiative.ca\/International\/wp-json\/wp\/v2\/types\/post"}],"author":[{"embeddable":true,"href":"https:\/\/linitiative.ca\/International\/wp-json\/wp\/v2\/users\/1816"}],"replies":[{"embeddable":true,"href":"https:\/\/linitiative.ca\/International\/wp-json\/wp\/v2\/comments?post=155391"}],"version-history":[{"count":0,"href":"https:\/\/linitiative.ca\/International\/wp-json\/wp\/v2\/posts\/155391\/revisions"}],"wp:attachment":[{"href":"https:\/\/linitiative.ca\/International\/wp-json\/wp\/v2\/media?parent=155391"}],"wp:term":[{"taxonomy":"category","embeddable":true,"href":"https:\/\/linitiative.ca\/International\/wp-json\/wp\/v2\/categories?post=155391"},{"taxonomy":"post_tag","embeddable":true,"href":"https:\/\/linitiative.ca\/International\/wp-json\/wp\/v2\/tags?post=155391"}],"curies":[{"name":"wp","href":"https:\/\/api.w.org\/{rel}","templated":true}]}}