{"id":155392,"date":"2022-08-20T11:15:01","date_gmt":"2022-08-20T15:15:01","guid":{"rendered":"https:\/\/linitiative.ca\/International\/academie-militaire-de-po-le-president-du-faso-est-arrive-pour-la-ceremonie-de-sortie-des-officiers-de-la-21e-promotion-de-lamgn\/"},"modified":"2022-08-20T11:15:01","modified_gmt":"2022-08-20T15:15:01","slug":"academie-militaire-de-po-le-president-du-faso-est-arrive-pour-la-ceremonie-de-sortie-des-officiers-de-la-21e-promotion-de-lamgn","status":"publish","type":"post","link":"https:\/\/linitiative.ca\/International\/academie-militaire-de-po-le-president-du-faso-est-arrive-pour-la-ceremonie-de-sortie-des-officiers-de-la-21e-promotion-de-lamgn\/","title":{"rendered":"Acad\u00e9mie militaire de P\u00f4 : Le pr\u00e9sident du Faso est arriv\u00e9 pour la c\u00e9r\u00e9monie de sortie des officiers de la 21e promotion de l\u2019AMGN"},"content":{"rendered":"<div>\n<p>Le pr\u00e9sident du Faso, le Lieutenant-colonel Paul-Henri Sandaogo Damiba, est arriv\u00e9 ce samedi 20 ao\u00fbt en fin de matin\u00e9e \u00e0 P\u00f4, chef-lieu de la province du Nahouri, dans la r\u00e9gion du Centre-sud.<\/p>\n<p>Le chef de l\u2019Etat va y pr\u00e9sider dans la soir\u00e9e, la c\u00e9r\u00e9monie de sortie des officiers de la 21e promotion de l\u2019Acad\u00e9mie militaire Georges Namoano.<\/p>\n<figure id=\"attachment_53627\" aria-describedby=\"caption-attachment-53627\" style=\"width: 960px\" class=\"wp-caption alignnone\"><img decoding=\"async\" data-attachment-id=\"53627\" data-permalink=\"https:\/\/www.sidwaya.info\/blog\/2022\/08\/20\/academie-militaire-de-po-le-president-du-faso-est-arrive-a-po-pour-la-ceremmonie-de-sortie-des-officiers-de-la-21e-promotion-de-lamgn\/damiba-a-po\/\" data-orig-file=\"https:\/\/i0.wp.com\/www.sidwaya.info\/wp-content\/uploads\/2022\/08\/Damiba-a\u0300-Po.jpg?fit=960%2C640&amp;ssl=1\" data-orig-size=\"960,640\" data-comments-opened=\"1\" data-image-meta='{\"aperture\":\"0\",\"credit\":\"\",\"camera\":\"\",\"caption\":\"\",\"created_timestamp\":\"0\",\"copyright\":\"\",\"focal_length\":\"0\",\"iso\":\"0\",\"shutter_speed\":\"0\",\"title\":\"\",\"orientation\":\"0\"}' data-image-title=\"Damiba a\u0300 Po\" data-image-description=\"\" data-image-caption=\"&lt;p&gt;Le pr\u00e9sident du Faso accueilli par les autorit\u00e9s administratives du Nahouri \u00e0 son arriv\u00e9e \u00e0 P\u00f4 le 20 ao\u00fbt 2022 pour la sortie de la 21e promotion de l&amp;rsquo;AMGN. \u00a9 : DCRP Pr\u00e9sidence du Faso&lt;\/p&gt;\n\" data-medium-file=\"https:\/\/i0.wp.com\/www.sidwaya.info\/wp-content\/uploads\/2022\/08\/Damiba-a\u0300-Po.jpg?fit=300%2C200&amp;ssl=1\" data-large-file=\"https:\/\/i0.wp.com\/www.sidwaya.info\/wp-content\/uploads\/2022\/08\/Damiba-a\u0300-Po.jpg?fit=696%2C464&amp;ssl=1\" loading=\"lazy\" class=\"size-full wp-image-53627\" src=\"https:\/\/i0.wp.com\/www.sidwaya.info\/wp-content\/uploads\/2022\/08\/Damiba-a\u0300-Po.jpg?resize=696,464&amp;ssl=1\" alt=\"\" width=\"696\" height=\"464\" srcset=\"https:\/\/i0.wp.com\/www.sidwaya.info\/wp-content\/uploads\/2022\/08\/Damiba-a\u0300-Po.jpg?w=960&amp;ssl=1 960w, https:\/\/i0.wp.com\/www.sidwaya.info\/wp-content\/uploads\/2022\/08\/Damiba-a\u0300-Po.jpg?resize=300%2C200&amp;ssl=1 300w, https:\/\/i0.wp.com\/www.sidwaya.info\/wp-content\/uploads\/2022\/08\/Damiba-a\u0300-Po.jpg?resize=768%2C512&amp;ssl=1 768w, https:\/\/i0.wp.com\/www.sidwaya.info\/wp-content\/uploads\/2022\/08\/Damiba-a\u0300-Po.jpg?resize=150%2C100&amp;ssl=1 150w, https:\/\/i0.wp.com\/www.sidwaya.info\/wp-content\/uploads\/2022\/08\/Damiba-a\u0300-Po.jpg?resize=696%2C464&amp;ssl=1 696w, https:\/\/i0.wp.com\/www.sidwaya.info\/wp-content\/uploads\/2022\/08\/Damiba-a\u0300-Po.jpg?resize=630%2C420&amp;ssl=1 630w\" sizes=\"auto, (max-width: 696px) 100vw, 696px\" data-recalc-dims=\"1\"><figcaption id=\"caption-attachment-53627\" class=\"wp-caption-text\"><strong>Le pr\u00e9sident du Faso accueilli par les autorit\u00e9s administratives du Nahouri \u00e0 son arriv\u00e9e \u00e0 P\u00f4 le 20 ao\u00fbt 2022 pour la sortie de la 21e promotion de l\u2019AMGN. \u00a9 : DCRP Pr\u00e9sidence du Faso<\/strong><\/figcaption><\/figure>\n<p>Paul-Henri Sandaogo Damiba va \u00e9galement s\u2019entretenir avec les forces vives de la R\u00e9gion ainsi que les autorit\u00e9s r\u00e9gionale et provinciale du Nahouri.<\/p>\n<p>Le pr\u00e9sident du Faso a \u00e9t\u00e9 accueilli \u00e0 son arriv\u00e9e dans la ville de P\u00f4 par le Gouverneur de la R\u00e9gion, Massadalo Yvette NACOULMA\/SANOU, des autorit\u00e9s de la Transition, celles administratives et la population de la province.<\/p>\n<p><strong>Direction de la communication de la Pr\u00e9sidence du Faso<\/strong><\/p>\n<\/div>\n<p>Auteur: Wamini SIDWAYA<br \/>\n<a href=\"https:\/\/www.sidwaya.info\/blog\/2022\/08\/20\/academie-militaire-de-po-le-president-du-faso-est-arrive-a-po-pour-la-ceremmonie-de-sortie-des-officiers-de-la-21e-promotion-de-lamgn\/\">Cliquez ici pour lire l&rsquo;article depuis sa source.<\/a><\/p>\n","protected":false},"excerpt":{"rendered":"<p>Le pr\u00e9sident du Faso, le Lieutenant-colonel Paul-Henri Sandaogo Damiba, est arriv\u00e9 ce samedi 20 ao\u00fbt en fin de matin\u00e9e \u00e0 P\u00f4, chef-lieu de la province du Nahouri, dans la r\u00e9gion du Centre-sud. Le chef de l\u2019Etat va y pr\u00e9sider dans la soir\u00e9e, la c\u00e9r\u00e9monie de sortie des officiers de la 21e promotion de l\u2019Acad\u00e9mie militaire [&hellip;]<\/p>\n","protected":false},"author":1816,"featured_media":0,"comment_status":"closed","ping_status":"closed","sticky":false,"template":"","format":"standard","meta":{"fifu_image_url":"https:\/\/i0.wp.com\/www.sidwaya.info\/wp-content\/uploads\/2022\/08\/Damiba-a\u0300-Po.jpg?resize=696,464&ssl=1","fifu_image_alt":"Acad\u00e9mie militaire de P\u00f4 : Le pr\u00e9sident du Faso est arriv\u00e9 pour la c\u00e9r\u00e9monie de sortie des officiers de la 21e promotion de l\u2019AMGN","footnotes":""},"categories":[73,81],"tags":[],"class_list":["post-155392","post","type-post","status-publish","format-standard","hentry","category-actualite","category-burkina-faso"],"_links":{"self":[{"href":"https:\/\/linitiative.ca\/International\/wp-json\/wp\/v2\/posts\/155392","targetHints":{"allow":["GET"]}}],"collection":[{"href":"https:\/\/linitiative.ca\/International\/wp-json\/wp\/v2\/posts"}],"about":[{"href":"https:\/\/linitiative.ca\/International\/wp-json\/wp\/v2\/types\/post"}],"author":[{"embeddable":true,"href":"https:\/\/linitiative.ca\/International\/wp-json\/wp\/v2\/users\/1816"}],"replies":[{"embeddable":true,"href":"https:\/\/linitiative.ca\/International\/wp-json\/wp\/v2\/comments?post=155392"}],"version-history":[{"count":0,"href":"https:\/\/linitiative.ca\/International\/wp-json\/wp\/v2\/posts\/155392\/revisions"}],"wp:attachment":[{"href":"https:\/\/linitiative.ca\/International\/wp-json\/wp\/v2\/media?parent=155392"}],"wp:term":[{"taxonomy":"category","embeddable":true,"href":"https:\/\/linitiative.ca\/International\/wp-json\/wp\/v2\/categories?post=155392"},{"taxonomy":"post_tag","embeddable":true,"href":"https:\/\/linitiative.ca\/International\/wp-json\/wp\/v2\/tags?post=155392"}],"curies":[{"name":"wp","href":"https:\/\/api.w.org\/{rel}","templated":true}]}}