{"id":155466,"date":"2022-08-21T03:36:14","date_gmt":"2022-08-21T07:36:14","guid":{"rendered":"https:\/\/linitiative.ca\/International\/la-sodecoton-veut-se-doter-dun-nouveau-siege-dune-valeur-de-364-millions\/"},"modified":"2022-08-21T03:36:14","modified_gmt":"2022-08-21T07:36:14","slug":"la-sodecoton-veut-se-doter-dun-nouveau-siege-dune-valeur-de-364-millions","status":"publish","type":"post","link":"https:\/\/linitiative.ca\/International\/la-sodecoton-veut-se-doter-dun-nouveau-siege-dune-valeur-de-364-millions\/","title":{"rendered":"La Sodecoton veut se doter d\u2019un nouveau si\u00e8ge d\u2019une valeur de 364 millions"},"content":{"rendered":"<div>\n<p> La Soci\u00e9t\u00e9 de d\u00e9veloppement du coton (Sodecoton) dont le si\u00e8ge social est bas\u00e9 au quartier Marour\u00e9, dans l\u2019arrondissement de Garoua 2e, r\u00e9gion du Nord, envisage de se doter d\u2019un nouvel immeuble si\u00e8ge dans la m\u00eame localit\u00e9. L\u2019entreprise a d\u2019ailleurs lanc\u00e9 un avis d\u2019appel d\u2019offres restreint en vue du recrutement d\u2019un maitre d\u2019\u0153uvre pour la r\u00e9alisation de cette infrastructure \u00e9valu\u00e9e \u00e0 364 millions de FCFA. Il s\u2019agit d\u2019un immeuble de type \u00ab Rez-de-chauss\u00e9e + mezzanine+ 3 niveaux \u00bb \u00e0 usage de bureaux. Le 22 juillet dernier, la Sodecoton a d\u2019ailleurs rendu publique une liste de six entreprises pr\u00e9-qualifi\u00e9es pour la r\u00e9alisation de ce projet. Ce sont : Groupement Intecg\/Ge, Augea Afrique, Archi\u2019dia, CAIU, le Competing et ND Buildshne\/T Ropfen ENG. Le maitre d\u2019\u0153uvre principal sortira de cette liste, et disposera d\u2019un d\u00e9lai de 43 mois pour r\u00e9aliser l\u2019ouvrage.<\/p>\n<p>Lire aussi:  <a href=\"https:\/\/ecomatin.net\/filiere-coton-eternelles-bisbilles-entre-la-sodecoton-et-les-producteurs2\/\">Fili\u00e8re coton : \u00e9ternelles bisbilles entre la Sodecoton et les producteurs<\/a><\/p>\n<p>Les travaux qui incomberont au contractant se r\u00e9sument en quatre missions. Il s\u2019agit de la v\u00e9rification des \u00e9tudes architecturales et techniques (plans architecturaux et notes de calculs des lots techniques, phase avant-projet d\u00e9taill\u00e9, projet d\u2019ex\u00e9cution des ouvrages et sp\u00e9cifications techniques d\u00e9taill\u00e9es ; de la direction de l\u2019ex\u00e9cution des contrats de travaux ; de l\u2019ordonnancement, pilotage et coordination du chantier ; et de l\u2019assistance aux op\u00e9rations de r\u00e9ception. Il faut relever que le financement de ce projet sera adoss\u00e9 sur le budget 2022 de la Sodecoton, et sur ceux des exercices \u00e0 venir.<\/p>\n<p>Lire aussi :<a href=\"https:\/\/ecomatin.net\/autoroute-yaounde-douala-le-taux-dexecution-des-travaux-de-la-premiere-phase-se-chiffre-a-98\/\"> Autoroute Yaound\u00e9-Douala: le taux d\u2019ex\u00e9cution des travaux de la premi\u00e8re phase se chiffre \u00e0 98%<\/a><\/p>\n<p>Le nouvel immeuble si\u00e8ge de la Sodecoton sera une \u0153uvre futuriste qui s\u2019adapte aux r\u00e9alit\u00e9s de son \u00e8re, et qui viendra rompre avec la physionomie de l\u2019actuel si\u00e8ge, des plain-pied b\u00e2ti dans les ann\u00e9es 1970 tomb\u00e9 en d\u00e9su\u00e9tude. L\u2019exigu\u00eft\u00e9 de l\u2019espace ne permet pas \u00e0 l\u2019entreprise de r\u00e9unir tout son personnel administratif au m\u00eame endroit. Par cons\u00e9quent, les employ\u00e9s sont diss\u00e9min\u00e9s de part et d\u2019autre de la ville de Garoua. La nouvelle b\u00e2tisse viendra enrichir l\u2019important patrimoine immobilier de la Sodecoton, qui dispose en outre de neuf usines d\u2019\u00e9grenage (la dixi\u00e8me \u00e9tant d\u00e9j\u00e0 en cours de construction), et de deux huileries.<\/p>\n<p>Lire aussi: <a href=\"https:\/\/ecomatin.net\/filiere-coton-la-sodecoton-confrontee-au-casse-tete-des-intrants-agricoles\/\">Fili\u00e8re coton : la Sodecoton confront\u00e9e au casse-t\u00eate des intrants agricoles<\/a><\/p>\n<p>L\u2019article <a rel=\"nofollow\" href=\"https:\/\/ecomatin.net\/la-sodecoton-veut-se-doter-dun-nouveau-siege-dune-valeur-de-364-millions\/\">La Sodecoton veut se doter d\u2019un nouveau si\u00e8ge d\u2019une valeur de 364 millions<\/a> est apparu en premier sur <a rel=\"nofollow\" href=\"https:\/\/ecomatin.net\/\">EcoMatin<\/a>.<\/p>\n<\/div>\n<p>Auteur: Yannick KENNE<br \/>\n<a href=\"https:\/\/ecomatin.net\/la-sodecoton-veut-se-doter-dun-nouveau-siege-dune-valeur-de-364-millions\/\">Cliquez ici pour lire l&rsquo;article depuis sa source.<\/a><\/p>\n","protected":false},"excerpt":{"rendered":"<p>La Soci\u00e9t\u00e9 de d\u00e9veloppement du coton (Sodecoton) dont le si\u00e8ge social est bas\u00e9 au quartier Marour\u00e9, dans l\u2019arrondissement de Garoua 2e, r\u00e9gion du Nord, envisage de se doter d\u2019un nouvel immeuble si\u00e8ge dans la m\u00eame localit\u00e9. L\u2019entreprise a d\u2019ailleurs lanc\u00e9 un avis d\u2019appel d\u2019offres restreint en vue du recrutement d\u2019un maitre d\u2019\u0153uvre pour la r\u00e9alisation [&hellip;]<\/p>\n","protected":false},"author":1969,"featured_media":0,"comment_status":"closed","ping_status":"closed","sticky":false,"template":"","format":"standard","meta":{"fifu_image_url":"","fifu_image_alt":"","footnotes":""},"categories":[82,78],"tags":[],"class_list":["post-155466","post","type-post","status-publish","format-standard","hentry","category-cameroun","category-economie"],"_links":{"self":[{"href":"https:\/\/linitiative.ca\/International\/wp-json\/wp\/v2\/posts\/155466","targetHints":{"allow":["GET"]}}],"collection":[{"href":"https:\/\/linitiative.ca\/International\/wp-json\/wp\/v2\/posts"}],"about":[{"href":"https:\/\/linitiative.ca\/International\/wp-json\/wp\/v2\/types\/post"}],"author":[{"embeddable":true,"href":"https:\/\/linitiative.ca\/International\/wp-json\/wp\/v2\/users\/1969"}],"replies":[{"embeddable":true,"href":"https:\/\/linitiative.ca\/International\/wp-json\/wp\/v2\/comments?post=155466"}],"version-history":[{"count":0,"href":"https:\/\/linitiative.ca\/International\/wp-json\/wp\/v2\/posts\/155466\/revisions"}],"wp:attachment":[{"href":"https:\/\/linitiative.ca\/International\/wp-json\/wp\/v2\/media?parent=155466"}],"wp:term":[{"taxonomy":"category","embeddable":true,"href":"https:\/\/linitiative.ca\/International\/wp-json\/wp\/v2\/categories?post=155466"},{"taxonomy":"post_tag","embeddable":true,"href":"https:\/\/linitiative.ca\/International\/wp-json\/wp\/v2\/tags?post=155466"}],"curies":[{"name":"wp","href":"https:\/\/api.w.org\/{rel}","templated":true}]}}