{"id":155473,"date":"2022-08-22T09:21:25","date_gmt":"2022-08-22T13:21:25","guid":{"rendered":"https:\/\/linitiative.ca\/International\/le-menu-du-conseil-de-gouvernement-de-ce-jeudi\/"},"modified":"2022-08-22T09:21:25","modified_gmt":"2022-08-22T13:21:25","slug":"le-menu-du-conseil-de-gouvernement-de-ce-jeudi","status":"publish","type":"post","link":"https:\/\/linitiative.ca\/International\/le-menu-du-conseil-de-gouvernement-de-ce-jeudi\/","title":{"rendered":"Le menu du Conseil de gouvernement de ce jeudi"},"content":{"rendered":"<div>\n<p><img decoding=\"async\" width=\"300\" height=\"153\" src=\"https:\/\/linitiative.ca\/International\/wp-content\/uploads\/sites\/23\/2022\/08\/Akhannouch-Conseil-du-gouvernement-300x153-1.jpg\" class=\"attachment-medium size-medium wp-post-image\" alt=\"\" loading=\"lazy\" srcset=\"https:\/\/linitiative.ca\/International\/wp-content\/uploads\/sites\/23\/2022\/08\/Akhannouch-Conseil-du-gouvernement-300x153-1.jpg 300w, https:\/\/aujourdhui.ma\/wp-content\/uploads\/2022\/06\/Akhannouch-Conseil-du-gouvernement-274x140.jpg 274w, https:\/\/aujourdhui.ma\/wp-content\/uploads\/2022\/06\/Akhannouch-Conseil-du-gouvernement.jpg 746w, https:\/\/aujourdhui.ma\/wp-content\/uploads\/2022\/06\/Akhannouch-Conseil-du-gouvernement-165x84.jpg 165w, https:\/\/aujourdhui.ma\/wp-content\/uploads\/2022\/06\/Akhannouch-Conseil-du-gouvernement-702x358.jpg 702w\" sizes=\"auto, (max-width: 300px) 100vw, 300px\"><\/p>\n<p><span style=\"font-size: 20px; color: #800000;\"><strong>Un Conseil de gouvernement se tiendra, jeudi prochain, sous la pr\u00e9sidence du Chef du gouvernement, Aziz Akhannouch.<\/strong><\/span><span id=\"more-416111\"><\/span><\/p>\n<p>Au d\u00e9but de ses travaux, le Conseil examinera trois projets de d\u00e9cret dont le premier compl\u00e9tant le d\u00e9cret \u00e9tablissant la sp\u00e9cialisation des universit\u00e9s et des cycles des \u00e9tudes sup\u00e9rieures, ainsi que les dipl\u00f4mes nationaux \u00e9quivalents, indique un communiqu\u00e9 du d\u00e9partement du chef du gouvernement.<\/p>\n<p>Le deuxi\u00e8me projet est relatif \u00e0 la protection des salari\u00e9s expos\u00e9s aux poussi\u00e8res d\u2019amiante, alors que le troisi\u00e8me projet modifie et compl\u00e8te le d\u00e9cret relatif \u00e0 la protection des travailleurs contre les risques pos\u00e9s par l\u2019essence et les substances dont la teneur en essence est sup\u00e9rieure \u00e0 1 % en volume.<\/p>\n<p>Le Conseil examinera \u00e9galement des propositions de nomination \u00e0 de hautes fonctions, conform\u00e9ment aux dispositions de l\u2019article 92 de la Constitution, poursuit le communiqu\u00e9, relevant que le gouvernement tiendra, apr\u00e8s l\u2019ach\u00e8vement des travaux du Conseil de gouvernement, une r\u00e9union consacr\u00e9e \u00e0 l\u2019examen de certaines propositions de lois.<\/p>\n<\/div>\n<p>Auteur: ALM<br \/>\n<a href=\"https:\/\/aujourdhui.ma\/actualite\/le-menu-du-conseil-de-gouvernement-de-ce-jeudi\">Cliquez ici pour lire l&rsquo;article depuis sa source.<\/a><\/p>\n","protected":false},"excerpt":{"rendered":"<p>Un Conseil de gouvernement se tiendra, jeudi prochain, sous la pr\u00e9sidence du Chef du gouvernement, Aziz Akhannouch. Au d\u00e9but de ses travaux, le Conseil examinera trois projets de d\u00e9cret dont le premier compl\u00e9tant le d\u00e9cret \u00e9tablissant la sp\u00e9cialisation des universit\u00e9s et des cycles des \u00e9tudes sup\u00e9rieures, ainsi que les dipl\u00f4mes nationaux \u00e9quivalents, indique un communiqu\u00e9 [&hellip;]<\/p>\n","protected":false},"author":1759,"featured_media":0,"comment_status":"closed","ping_status":"closed","sticky":false,"template":"","format":"standard","meta":{"fifu_image_url":"https:\/\/aujourdhui.ma\/wp-content\/uploads\/2022\/06\/Akhannouch-Conseil-du-gouvernement-300x153.jpg","fifu_image_alt":"Le menu du Conseil de gouvernement de ce jeudi","footnotes":""},"categories":[73,54],"tags":[],"class_list":["post-155473","post","type-post","status-publish","format-standard","hentry","category-actualite","category-maroc"],"_links":{"self":[{"href":"https:\/\/linitiative.ca\/International\/wp-json\/wp\/v2\/posts\/155473","targetHints":{"allow":["GET"]}}],"collection":[{"href":"https:\/\/linitiative.ca\/International\/wp-json\/wp\/v2\/posts"}],"about":[{"href":"https:\/\/linitiative.ca\/International\/wp-json\/wp\/v2\/types\/post"}],"author":[{"embeddable":true,"href":"https:\/\/linitiative.ca\/International\/wp-json\/wp\/v2\/users\/1759"}],"replies":[{"embeddable":true,"href":"https:\/\/linitiative.ca\/International\/wp-json\/wp\/v2\/comments?post=155473"}],"version-history":[{"count":0,"href":"https:\/\/linitiative.ca\/International\/wp-json\/wp\/v2\/posts\/155473\/revisions"}],"wp:attachment":[{"href":"https:\/\/linitiative.ca\/International\/wp-json\/wp\/v2\/media?parent=155473"}],"wp:term":[{"taxonomy":"category","embeddable":true,"href":"https:\/\/linitiative.ca\/International\/wp-json\/wp\/v2\/categories?post=155473"},{"taxonomy":"post_tag","embeddable":true,"href":"https:\/\/linitiative.ca\/International\/wp-json\/wp\/v2\/tags?post=155473"}],"curies":[{"name":"wp","href":"https:\/\/api.w.org\/{rel}","templated":true}]}}