{"id":15551,"date":"2019-02-19T15:14:17","date_gmt":"2019-02-19T20:14:17","guid":{"rendered":"https:\/\/linitiative.ca\/International\/international-arsenal-aurait-un-nom-pour-remplacer-ramsey\/"},"modified":"2019-02-19T15:14:17","modified_gmt":"2019-02-19T20:14:17","slug":"international-arsenal-aurait-un-nom-pour-remplacer-ramsey","status":"publish","type":"post","link":"https:\/\/linitiative.ca\/International\/international-arsenal-aurait-un-nom-pour-remplacer-ramsey\/","title":{"rendered":"International : Arsenal aurait un nom pour remplacer Ramsey"},"content":{"rendered":"<div readability=\"32\">\n<p>Auteur : <span class=\"time\">mardi 19 f\u00e9vrier 2019 15:15<\/span><\/p>\n<\/div>\n<div id=\"post_core\" readability=\"45\">\n<p>Selon The Mirror et Les-Transferts.com, Una\u00ef Emery aimerait pouvoir compter sur Ever Banega la saison prochaine. Le coach espagnol connait bien le joueur pour l\u2019avoir d\u00e9j\u00e0 eu sous ses ordres.<\/p>\n<p>Li\u00e9 au FC Seville, ce dernier serait estim\u00e9 \u00e0 20 millions d\u2019euros par le club andalou. Une somme largement dans les cordes des Gunners.<\/p>\n<p>N\u00e9anmoins en interne cette possible arriv\u00e9e poserait question. En effet, les dirigeants anglais penseraient que le joueur serait trop \u00e2g\u00e9. Pour rappel, il a 31 ans.<\/p>\n<p><strong>Publi\u00e9 dans :<\/strong> <span>Arsenal<\/span> <span>Banega<\/span> <span>Ramsey<\/span><\/p>\n<\/div>\n<p>Auteur:<br \/>\n<a href=\"http:\/\/www.lebuteur.com\/article\/detail?titre=arsenal-aurait-un-nom-pour-remplacer-ramsey&#038;id=86525&#038;utm_source=feedburner&#038;utm_medium=feed&#038;utm_campaign=Feed%3A+GalerieFArtciles+%28Les+derniers+articles++-+lebuteur.com%29\">Cliquez ici pour lire l&rsquo;article depuis sa source.<\/a><\/p>\n","protected":false},"excerpt":{"rendered":"<p>Auteur : mardi 19 f\u00e9vrier 2019 15:15 Selon The Mirror et Les-Transferts.com, Una\u00ef Emery aimerait pouvoir compter sur Ever Banega la saison prochaine. Le coach espagnol connait bien le joueur pour l\u2019avoir d\u00e9j\u00e0 eu sous ses ordres. Li\u00e9 au FC Seville, ce dernier serait estim\u00e9 \u00e0 20 millions d\u2019euros par le club andalou. Une somme [&hellip;]<\/p>\n","protected":false},"author":1738,"featured_media":15552,"comment_status":"closed","ping_status":"closed","sticky":false,"template":"","format":"standard","meta":{"fifu_image_url":"","fifu_image_alt":"","footnotes":""},"categories":[53,75],"tags":[],"class_list":["post-15551","post","type-post","status-publish","format-standard","has-post-thumbnail","hentry","category-algerie","category-sport"],"_links":{"self":[{"href":"https:\/\/linitiative.ca\/International\/wp-json\/wp\/v2\/posts\/15551","targetHints":{"allow":["GET"]}}],"collection":[{"href":"https:\/\/linitiative.ca\/International\/wp-json\/wp\/v2\/posts"}],"about":[{"href":"https:\/\/linitiative.ca\/International\/wp-json\/wp\/v2\/types\/post"}],"author":[{"embeddable":true,"href":"https:\/\/linitiative.ca\/International\/wp-json\/wp\/v2\/users\/1738"}],"replies":[{"embeddable":true,"href":"https:\/\/linitiative.ca\/International\/wp-json\/wp\/v2\/comments?post=15551"}],"version-history":[{"count":0,"href":"https:\/\/linitiative.ca\/International\/wp-json\/wp\/v2\/posts\/15551\/revisions"}],"wp:featuredmedia":[{"embeddable":true,"href":"https:\/\/linitiative.ca\/International\/wp-json\/"}],"wp:attachment":[{"href":"https:\/\/linitiative.ca\/International\/wp-json\/wp\/v2\/media?parent=15551"}],"wp:term":[{"taxonomy":"category","embeddable":true,"href":"https:\/\/linitiative.ca\/International\/wp-json\/wp\/v2\/categories?post=15551"},{"taxonomy":"post_tag","embeddable":true,"href":"https:\/\/linitiative.ca\/International\/wp-json\/wp\/v2\/tags?post=15551"}],"curies":[{"name":"wp","href":"https:\/\/api.w.org\/{rel}","templated":true}]}}