{"id":155526,"date":"2022-08-23T06:38:17","date_gmt":"2022-08-23T10:38:17","guid":{"rendered":"https:\/\/linitiative.ca\/International\/abdelhak-el-khiame-ancien-directeur-du-bcij-nest-plus\/"},"modified":"2022-08-23T06:38:17","modified_gmt":"2022-08-23T10:38:17","slug":"abdelhak-el-khiame-ancien-directeur-du-bcij-nest-plus","status":"publish","type":"post","link":"https:\/\/linitiative.ca\/International\/abdelhak-el-khiame-ancien-directeur-du-bcij-nest-plus\/","title":{"rendered":"Abdelhak El Khiame, ancien directeur du BCIJ, n\u2019est plus"},"content":{"rendered":"<div>\n<p><img decoding=\"async\" width=\"300\" height=\"153\" src=\"https:\/\/linitiative.ca\/International\/wp-content\/uploads\/sites\/23\/2022\/08\/Abdelhak-El-Khiame-ancien-directeur-du-BCIJ-nest-plus-300x153-1.png\" class=\"attachment-medium size-medium wp-post-image\" alt=\"\" loading=\"lazy\" srcset=\"https:\/\/linitiative.ca\/International\/wp-content\/uploads\/sites\/23\/2022\/08\/Abdelhak-El-Khiame-ancien-directeur-du-BCIJ-nest-plus-300x153-1.png 300w, https:\/\/aujourdhui.ma\/wp-content\/uploads\/2022\/08\/Abdelhak-El-Khiame-ancien-directeur-du-BCIJ-nest-plus-274x140.png 274w, https:\/\/aujourdhui.ma\/wp-content\/uploads\/2022\/08\/Abdelhak-El-Khiame-ancien-directeur-du-BCIJ-nest-plus.png 746w, https:\/\/aujourdhui.ma\/wp-content\/uploads\/2022\/08\/Abdelhak-El-Khiame-ancien-directeur-du-BCIJ-nest-plus-165x84.png 165w, https:\/\/aujourdhui.ma\/wp-content\/uploads\/2022\/08\/Abdelhak-El-Khiame-ancien-directeur-du-BCIJ-nest-plus-702x358.png 702w\" sizes=\"auto, (max-width: 300px) 100vw, 300px\"><\/p>\n<p><span style=\"color: #800000;\"><strong>La Direction g\u00e9n\u00e9rale de la s\u00fbret\u00e9 nationale (DGSN) et la Direction g\u00e9n\u00e9rale de la surveillance du territoire (DGST) ont d\u00e9plor\u00e9 mardi la disparition de l\u2019ancien directeur du Bureau central d\u2019investigations judiciaires (BCIJ), Abdelhak El Khiame, qui a rendu l\u2019\u00e2me mardi \u00e0 l\u2019aube \u00e0 Casablanca \u00e0 l\u2019\u00e2ge de 64 ans.<\/strong><\/span><span id=\"more-416194\"><\/span><\/p>\n<p>N\u00e9 \u00e0 Casablanca, le d\u00e9funt avait dirig\u00e9 le BCIJ \u00e0 sa cr\u00e9ation en 2015 jusqu\u2019en 2020, lorsqu\u2019il avait pass\u00e9 le relais \u00e0 Habboub Cherkaoui.<\/p>\n<p>Auparavant, M. El Khiame avait effectu\u00e9 un brillant parcours au sein de la Brigade nationale de la police judiciaire (BNPJ), dont il a pris les r\u00eanes en 2004.<\/p>\n<p>Le d\u00e9funt est devenu une figure embl\u00e9matique de la lutte antiterroriste dans le Royaume et un acteur incontournable de la coop\u00e9ration s\u00e9curitaire du Maroc avec ses alli\u00e9s \u00e9trangers, notamment les pays europ\u00e9ens.<\/p>\n<\/div>\n<p>Auteur: ALM<br \/>\n<a href=\"https:\/\/aujourdhui.ma\/societe\/abdelhak-el-khiame-ancien-directeur-du-bcij-nest-plus\">Cliquez ici pour lire l&rsquo;article depuis sa source.<\/a><\/p>\n","protected":false},"excerpt":{"rendered":"<p>La Direction g\u00e9n\u00e9rale de la s\u00fbret\u00e9 nationale (DGSN) et la Direction g\u00e9n\u00e9rale de la surveillance du territoire (DGST) ont d\u00e9plor\u00e9 mardi la disparition de l\u2019ancien directeur du Bureau central d\u2019investigations judiciaires (BCIJ), Abdelhak El Khiame, qui a rendu l\u2019\u00e2me mardi \u00e0 l\u2019aube \u00e0 Casablanca \u00e0 l\u2019\u00e2ge de 64 ans. N\u00e9 \u00e0 Casablanca, le d\u00e9funt avait [&hellip;]<\/p>\n","protected":false},"author":1759,"featured_media":0,"comment_status":"closed","ping_status":"closed","sticky":false,"template":"","format":"standard","meta":{"fifu_image_url":"https:\/\/aujourdhui.ma\/wp-content\/uploads\/2022\/08\/Abdelhak-El-Khiame-ancien-directeur-du-BCIJ-nest-plus-300x153.png","fifu_image_alt":"Abdelhak El Khiame, ancien directeur du BCIJ, n\u2019est plus","footnotes":""},"categories":[73,54],"tags":[],"class_list":["post-155526","post","type-post","status-publish","format-standard","hentry","category-actualite","category-maroc"],"_links":{"self":[{"href":"https:\/\/linitiative.ca\/International\/wp-json\/wp\/v2\/posts\/155526","targetHints":{"allow":["GET"]}}],"collection":[{"href":"https:\/\/linitiative.ca\/International\/wp-json\/wp\/v2\/posts"}],"about":[{"href":"https:\/\/linitiative.ca\/International\/wp-json\/wp\/v2\/types\/post"}],"author":[{"embeddable":true,"href":"https:\/\/linitiative.ca\/International\/wp-json\/wp\/v2\/users\/1759"}],"replies":[{"embeddable":true,"href":"https:\/\/linitiative.ca\/International\/wp-json\/wp\/v2\/comments?post=155526"}],"version-history":[{"count":0,"href":"https:\/\/linitiative.ca\/International\/wp-json\/wp\/v2\/posts\/155526\/revisions"}],"wp:attachment":[{"href":"https:\/\/linitiative.ca\/International\/wp-json\/wp\/v2\/media?parent=155526"}],"wp:term":[{"taxonomy":"category","embeddable":true,"href":"https:\/\/linitiative.ca\/International\/wp-json\/wp\/v2\/categories?post=155526"},{"taxonomy":"post_tag","embeddable":true,"href":"https:\/\/linitiative.ca\/International\/wp-json\/wp\/v2\/tags?post=155526"}],"curies":[{"name":"wp","href":"https:\/\/api.w.org\/{rel}","templated":true}]}}