{"id":155556,"date":"2022-08-23T08:59:24","date_gmt":"2022-08-23T12:59:24","guid":{"rendered":"https:\/\/linitiative.ca\/International\/aeroport-oujda-angad-425-000-passagers-a-fin-juillet-2022\/"},"modified":"2022-08-23T08:59:24","modified_gmt":"2022-08-23T12:59:24","slug":"aeroport-oujda-angad-425-000-passagers-a-fin-juillet-2022","status":"publish","type":"post","link":"https:\/\/linitiative.ca\/International\/aeroport-oujda-angad-425-000-passagers-a-fin-juillet-2022\/","title":{"rendered":"A\u00e9roport Oujda-Angad : 425.000 passagers \u00e0 fin juillet 2022"},"content":{"rendered":"<div>\n<div style=\"margin-bottom:20px;\"><img loading=\"lazy\" decoding=\"async\" width=\"750\" height=\"430\" src=\"https:\/\/linitiative.ca\/International\/wp-content\/uploads\/sites\/23\/2022\/08\/AC3A9roport-Oujda-Angad-1.jpg\" class=\"attachment-post-thumbnail size-post-thumbnail wp-post-image\" alt=\"\" srcset=\"https:\/\/linitiative.ca\/International\/wp-content\/uploads\/sites\/23\/2022\/08\/AC3A9roport-Oujda-Angad-1.jpg 750w, https:\/\/www.mapoujda.ma\/map\/uploads\/2019\/05\/A\u00e9roport-Oujda-Angad-300x172.jpg 300w\" sizes=\"auto, (max-width: 750px) 100vw, 750px\"><\/div>\n<div>\n<p style=\"text-align: justify;\">L\u2019a\u00e9roport d\u2019Oujda-Angad a accueilli un total de 425.000 passagers durant les sept premiers mois de l\u2019ann\u00e9e 2022, selon des donn\u00e9es de l\u2019Office national des a\u00e9roports (ONDA).<\/p>\n<p style=\"text-align: justify;\">Ce volume de trafic passagers repr\u00e9sente un taux de r\u00e9cup\u00e9ration de 111% par rapport \u00e0 la m\u00eame p\u00e9riode de l\u2019ann\u00e9e 2019 (382.130 passagers), pr\u00e9cise la m\u00eame source dans un communiqu\u00e9.<\/p>\n<p style=\"text-align: justify;\">Pour le seul mois de juillet, l\u2019a\u00e9roport international d\u2019Oujda-Angad a affich\u00e9 un taux de r\u00e9cup\u00e9ration de 134%, avec 125.448 passagers accueillis, contre 93.754 voyageurs durant la m\u00eame p\u00e9riode de 2019, poursuit l\u2019Office.<\/p>\n<p style=\"text-align: justify;\">Les a\u00e9roports du Royaume ont enregistr\u00e9, \u00e0 fin juillet dernier, un volume de trafic commercial de 9.813.316 passagers, \u00e0 travers 89.648 mouvements a\u00e9roportuaires pour l\u2019ensemble des infrastructures a\u00e9roportuaires.<\/p>\n<p style=\"text-align: justify;\">A fin juillet, les a\u00e9roports du Maroc continuent ainsi d\u2019afficher des taux de r\u00e9cup\u00e9ration largement positifs par rapport \u00e0 la m\u00eame p\u00e9riode de 2019, en r\u00e9cup\u00e9rant 70% des passagers et 75% des mouvements a\u00e9roportuaires.<\/p>\n<\/div>\n<p>L\u2019article <a rel=\"nofollow\" href=\"https:\/\/www.mapoujda.ma\/fr\/aeroport-oujda-angad-425-000-passagers-a-fin-juillet-2022\/\">A\u00e9roport Oujda-Angad : 425.000 passagers \u00e0 fin juillet 2022<\/a> est apparu en premier sur <a rel=\"nofollow\" href=\"https:\/\/www.mapoujda.ma\/fr\">MapOujda<\/a>.<\/p>\n<\/div>\n<p>Auteur: Soufiane ELAHMAR<br \/>\n<a href=\"https:\/\/www.mapoujda.ma\/fr\/aeroport-oujda-angad-425-000-passagers-a-fin-juillet-2022\/\">Cliquez ici pour lire l&rsquo;article depuis sa source.<\/a><\/p>\n","protected":false},"excerpt":{"rendered":"<p>L\u2019a\u00e9roport d\u2019Oujda-Angad a accueilli un total de 425.000 passagers durant les sept premiers mois de l\u2019ann\u00e9e 2022, selon des donn\u00e9es de l\u2019Office national des a\u00e9roports (ONDA). Ce volume de trafic passagers repr\u00e9sente un taux de r\u00e9cup\u00e9ration de 111% par rapport \u00e0 la m\u00eame p\u00e9riode de l\u2019ann\u00e9e 2019 (382.130 passagers), pr\u00e9cise la m\u00eame source dans un [&hellip;]<\/p>\n","protected":false},"author":1788,"featured_media":0,"comment_status":"closed","ping_status":"closed","sticky":false,"template":"","format":"standard","meta":{"fifu_image_url":"https:\/\/www.mapoujda.ma\/map\/uploads\/2019\/05\/A\u00e9roport-Oujda-Angad.jpg","fifu_image_alt":"A\u00e9roport Oujda-Angad : 425.000 passagers \u00e0 fin juillet 2022","footnotes":""},"categories":[54,76],"tags":[],"class_list":["post-155556","post","type-post","status-publish","format-standard","hentry","category-maroc","category-regions"],"_links":{"self":[{"href":"https:\/\/linitiative.ca\/International\/wp-json\/wp\/v2\/posts\/155556","targetHints":{"allow":["GET"]}}],"collection":[{"href":"https:\/\/linitiative.ca\/International\/wp-json\/wp\/v2\/posts"}],"about":[{"href":"https:\/\/linitiative.ca\/International\/wp-json\/wp\/v2\/types\/post"}],"author":[{"embeddable":true,"href":"https:\/\/linitiative.ca\/International\/wp-json\/wp\/v2\/users\/1788"}],"replies":[{"embeddable":true,"href":"https:\/\/linitiative.ca\/International\/wp-json\/wp\/v2\/comments?post=155556"}],"version-history":[{"count":0,"href":"https:\/\/linitiative.ca\/International\/wp-json\/wp\/v2\/posts\/155556\/revisions"}],"wp:attachment":[{"href":"https:\/\/linitiative.ca\/International\/wp-json\/wp\/v2\/media?parent=155556"}],"wp:term":[{"taxonomy":"category","embeddable":true,"href":"https:\/\/linitiative.ca\/International\/wp-json\/wp\/v2\/categories?post=155556"},{"taxonomy":"post_tag","embeddable":true,"href":"https:\/\/linitiative.ca\/International\/wp-json\/wp\/v2\/tags?post=155556"}],"curies":[{"name":"wp","href":"https:\/\/api.w.org\/{rel}","templated":true}]}}