{"id":15556,"date":"2019-02-19T15:19:12","date_gmt":"2019-02-19T20:19:12","guid":{"rendered":"https:\/\/linitiative.ca\/International\/journee-parlementaire-sur-lhabitat-un-formidable-essor-quantitatif-et-qualitatif\/"},"modified":"2019-02-19T15:19:12","modified_gmt":"2019-02-19T20:19:12","slug":"journee-parlementaire-sur-lhabitat-un-formidable-essor-quantitatif-et-qualitatif","status":"publish","type":"post","link":"https:\/\/linitiative.ca\/International\/journee-parlementaire-sur-lhabitat-un-formidable-essor-quantitatif-et-qualitatif\/","title":{"rendered":"Journ\u00e9e parlementaire sur l\u2019habitat : Un formidable essor quantitatif et qualitatif"},"content":{"rendered":"<p><strong>M. Abdelkader Bensalah : \u00ab La prochaine \u00e9ch\u00e9ance \u00e9lectorale est importante, et nous souhaitons qu\u2019elle se d\u00e9roule dans le cadre d\u2019une concurrence loyale et que le discours politique r\u00e9ponde aux aspirations de la nation. \u00bb<\/strong><\/p>\n<p>Le pr\u00e9sident du Conseil de la nation,\u00a0 Abdelkader Bensalah a affirm\u00e9 hier, que la promotion de la ville et de l&rsquo;urbanisme a permis \u00e0 l&rsquo;Alg\u00e9rie de se \u00abhisser\u00bb au rang des pays d\u00e9velopp\u00e9s, d&rsquo;autant que les options prises r\u00e9pondent aux demandes des citoyens appelant \u00e0 assurer le logement d\u00e9cent. S&rsquo;exprimant lors d&rsquo;une journ\u00e9e parlementaire sur \u00ab les politiques de l&rsquo;habitat, d&rsquo;urbanisme et de la ville: bilan et perspectives \u00ab, M. Bensalah a pr\u00e9cis\u00e9 que les options accord\u00e9es dans le domaine de l&rsquo;habitat s&rsquo;adaptent aux d\u00e9veloppements enregistr\u00e9s dans le pays, particuli\u00e8rement \u00e0 la faveur de la cr\u00e9ation d&rsquo;un cadre juridique et organisationnel \u00abefficace\u00bb.<br \/>M. Bensalah a qualifi\u00e9, \u00e0 cet effet, l&rsquo;approche adopt\u00e9e par l&rsquo;Alg\u00e9rie dans le domaine de l&rsquo;habitat de \u00abjudicieuse\u00bb, car prenant en charge d\u00e9finitivement les pr\u00e9occupations des citoyens pour l&rsquo;obtention d&rsquo;un logement d\u00e9cent.\u00a0 \u00abL&rsquo;\u00e9valuation g\u00e9n\u00e9rale du secteur \u00e9tablit que les r\u00e9alisations accomplies sont tr\u00e8s bonnes\u00bb, a-t-il dit, citant le bilan pr\u00e9sent\u00e9 par les directeurs du secteur. Ce cadre juridique a permis de cr\u00e9er de nouveaux proc\u00e9d\u00e9s \u00abplus modernes et plus efficaces\u00bb qui ont permis d&rsquo;adopter \u00abune politique audacieuse ayant contribu\u00e9 au r\u00e8glement de la crise de logement, \u00e0 travers l&rsquo;\u00e9limination des constructions anarchiques et la r\u00e9alisation de logements d\u00e9cents\u00bb, a ajout\u00e9 M. Bensalah. Evoquant l&rsquo;\u00e9lection Pr\u00e9sidentielle du 18 avril 2019, le pr\u00e9sident de la chambre haute du parlement a affirm\u00e9 que \u00abla prochaine \u00e9ch\u00e9ance \u00e9lectorale est importante, et nous souhaitons qu&rsquo;elle se d\u00e9roule dans le cadre d&rsquo;une concurrence loyale et que le discours politique r\u00e9pond aux aspirations de la Nation\u00bb, a-t-il dit, saisissant cette occasion pour appeler les citoyens \u00e0 participer massivement \u00e0 cette \u00e9lection.<\/p>\n<p><strong>M.\u2008Abdelwahid Temmar : \u00ab Le parc de\u00a0 logements \u00e9largi \u00e0 9,6 millions d\u2019unit\u00e9s. \u00bb<\/strong><\/p>\n<p>Pour sa part, le ministre de l&rsquo;Habitat, de l&rsquo;Urbanisme et de la Ville, Abdelwahid Temmar a soulign\u00e9, que les r\u00e9sultats r\u00e9alis\u00e9s dans le domaine de l\u2019habitat doivent \u00eatre consolid\u00e9s et soutenus par les autorit\u00e9s locales et centrales.<br \/>Il s\u2019agit selon le ministre de poursuivre leurs efforts sur le terrain et l\u2019association de tous les acteurs (ma\u00eetres d&rsquo;\u0153uvre, cadres, bureaux d\u2019\u00e9tudes et organisations professionnelles) en vue de rattraper les insuffisances enregistr\u00e9es et de r\u00e9viser les textes l\u00e9gislatifs et r\u00e9glementaires qui ont atteint des phases avanc\u00e9es d\u2019\u00e9laboration.<br \/>\u00abLe secteur pr\u00e9pare actuellement le lancement de la formule du Logement locatif promotionnel (LLP) visant \u00e0 cr\u00e9er un march\u00e9 locatif \u00e0 des prix de location moyens et \u00e9tudi\u00e9s, une formule adopt\u00e9e en vertu de la loi de Finances 2019\u00bb, a rappel\u00e9 M. Temmar.<br \/>Il a \u00e0 ce propos mis en avant l&rsquo;importance des avanc\u00e9es r\u00e9alis\u00e9es dans le secteur de l&rsquo;habitat, des avanc\u00e9es, a-t-il dit, ayant permis d&rsquo;\u00e9largir le parc de logement qui compte actuellement 9.6 millions d\u2019unit\u00e9s et de r\u00e9duire le taux d&rsquo;occupation des logements \u00e0 4,49 individus.<br \/>Par ailleurs, le ministre est revenu \u00e0 l&rsquo;augmentation des aides de l\u2019Etat aux citoyens dans le cadre de diff\u00e9rents programmes de logement, \u00e0 l\u2019instar du logement rural (de 700.000 DA \u00e0 1 million de DA), du logement promotionnel aid\u00e9 (LPA) (700.000 DA), du logement social et du logement location-vente (contribution du citoyen \u00e0 hauteur d\u2019un tiers de la valeur et le remboursement mensuel sur 25 ans).<br \/>En outre, la formule du Logement promotionnel public (LPP) destin\u00e9 aux membres de la communaut\u00e9 alg\u00e9rienne \u00e9tablie \u00e0 l\u2019\u00e9tranger, a connu une augmentation en termes de nombre des souscripteurs qui ont choisi les wilayas dans lesquelles ils d\u00e9sirent r\u00e9sider, \u00e0 11.500 inscrits dont 20.000 inscrits \u00e0 cette formule.<br \/>Dans le m\u00eame cadre, 560.000 logements ont \u00e9t\u00e9 inscrits, un quota qui couvre le nombre de souscripteurs ayant proc\u00e9d\u00e9 au paiement de la premi\u00e8re tranche de leurs logements.<br \/>\u00abLa formule de logement public locatif (LPL) a permis \u00e0 1.27 millions de familles de b\u00e9n\u00e9ficier de logements\u00bb, a rappel\u00e9 M. Temmar, soulignant que cette formule \u00e9tait financ\u00e9e totalement par l&rsquo;Etat en sus de la r\u00e9alisation de plusieurs structures publiques (\u00e9coles, universit\u00e9s, centres m\u00e9dicaux, s\u00fbret\u00e9). L&rsquo;exp\u00e9rience alg\u00e9rienne en mati\u00e8re d&rsquo;\u00e9radication de l&rsquo;habitat pr\u00e9caire avait \u00e9t\u00e9 salu\u00e9e par l&rsquo;ONU Habitat, dont la directrice ex\u00e9cutive a qualifi\u00e9 l&rsquo;exp\u00e9rience \u00abd&rsquo;unique en son genre\u00bb Pr\u00e8s de 24.000 entreprises de r\u00e9alisation nationales, dont 1000 class\u00e9es dans les cat\u00e9gories 5 \u00e0 9 (4%), 8.000 architectes et 3.000 ing\u00e9nieurs agr\u00e9es ont veill\u00e9 \u00e0 la r\u00e9alisation de ces projets, a pr\u00e9cis\u00e9 M. Temmar.<br \/>Le d\u00e9fi demeure, toutefois, \u00abimportant\u00bb, poursuit le ministre pour qui le secteur exige des mesures encourageant l&rsquo;utilisation des mat\u00e9riaux de construction locaux et de l\u2019utilisation des \u00e9nergies renouvelables, en sus de la modernisation du secteur et de l\u2019adaptation des formules de logement aux sp\u00e9cificit\u00e9s de chaque r\u00e9gion.<br \/>\u00a0\u00a0\u00a0\u00a0 Salima Ettouahria<br \/>\u00a0<\/p>\n<p>Auteur: elmoudjahid<br \/>\n<a href=\"http:\/\/www.elmoudjahid.com\/fr\/actualites\/133948\">Cliquez ici pour lire l&rsquo;article depuis sa source.<\/a><\/p>\n","protected":false},"excerpt":{"rendered":"<p>M. Abdelkader Bensalah : \u00ab La prochaine \u00e9ch\u00e9ance \u00e9lectorale est importante, et nous souhaitons qu\u2019elle se d\u00e9roule dans le cadre d\u2019une concurrence loyale et que le discours politique r\u00e9ponde aux aspirations de la nation. \u00bb Le pr\u00e9sident du Conseil de la nation,\u00a0 Abdelkader Bensalah a affirm\u00e9 hier, que la promotion de la ville et de [&hellip;]<\/p>\n","protected":false},"author":1744,"featured_media":0,"comment_status":"closed","ping_status":"closed","sticky":false,"template":"","format":"standard","meta":{"fifu_image_url":"","fifu_image_alt":"","footnotes":""},"categories":[73,53],"tags":[],"class_list":["post-15556","post","type-post","status-publish","format-standard","hentry","category-actualite","category-algerie"],"_links":{"self":[{"href":"https:\/\/linitiative.ca\/International\/wp-json\/wp\/v2\/posts\/15556","targetHints":{"allow":["GET"]}}],"collection":[{"href":"https:\/\/linitiative.ca\/International\/wp-json\/wp\/v2\/posts"}],"about":[{"href":"https:\/\/linitiative.ca\/International\/wp-json\/wp\/v2\/types\/post"}],"author":[{"embeddable":true,"href":"https:\/\/linitiative.ca\/International\/wp-json\/wp\/v2\/users\/1744"}],"replies":[{"embeddable":true,"href":"https:\/\/linitiative.ca\/International\/wp-json\/wp\/v2\/comments?post=15556"}],"version-history":[{"count":0,"href":"https:\/\/linitiative.ca\/International\/wp-json\/wp\/v2\/posts\/15556\/revisions"}],"wp:attachment":[{"href":"https:\/\/linitiative.ca\/International\/wp-json\/wp\/v2\/media?parent=15556"}],"wp:term":[{"taxonomy":"category","embeddable":true,"href":"https:\/\/linitiative.ca\/International\/wp-json\/wp\/v2\/categories?post=15556"},{"taxonomy":"post_tag","embeddable":true,"href":"https:\/\/linitiative.ca\/International\/wp-json\/wp\/v2\/tags?post=15556"}],"curies":[{"name":"wp","href":"https:\/\/api.w.org\/{rel}","templated":true}]}}