{"id":155575,"date":"2022-08-23T06:18:03","date_gmt":"2022-08-23T10:18:03","guid":{"rendered":"https:\/\/linitiative.ca\/International\/maroc-abdelhak-el-khiame-ancien-patron-du-bcij-nest-plus\/"},"modified":"2022-08-23T06:18:03","modified_gmt":"2022-08-23T10:18:03","slug":"maroc-abdelhak-el-khiame-ancien-patron-du-bcij-nest-plus","status":"publish","type":"post","link":"https:\/\/linitiative.ca\/International\/maroc-abdelhak-el-khiame-ancien-patron-du-bcij-nest-plus\/","title":{"rendered":"Maroc. Abdelhak El Khiame, ancien patron du BCIJ, n\u2019est plus"},"content":{"rendered":"<div><img decoding=\"async\" width=\"776\" height=\"463\" src=\"https:\/\/linitiative.ca\/International\/wp-content\/uploads\/sites\/23\/2022\/08\/Abdelhak-Khiam.jpg\" class=\"attachment-post-thumbnail size-post-thumbnail wp-post-image\" alt=\"\" loading=\"lazy\" srcset=\"https:\/\/linitiative.ca\/International\/wp-content\/uploads\/sites\/23\/2022\/08\/Abdelhak-Khiam.jpg 776w, https:\/\/www.challenge.ma\/wp-content\/uploads\/2022\/08\/Abdelhak-Khiam-300x179.jpg 300w, https:\/\/www.challenge.ma\/wp-content\/uploads\/2022\/08\/Abdelhak-Khiam-768x458.jpg 768w, https:\/\/www.challenge.ma\/wp-content\/uploads\/2022\/08\/Abdelhak-Khiam-360x215.jpg 360w, https:\/\/www.challenge.ma\/wp-content\/uploads\/2022\/08\/Abdelhak-Khiam-750x447.jpg 750w\" sizes=\"auto, (max-width: 776px) 100vw, 776px\" itemprop=\"image\">Abdelhak El Khiame, ancien patron du Bureau central d\u2019investigations judiciaires (BCIJ), est d\u00e9c\u00e9d\u00e9 ce mardi 23 ao\u00fbt courant. Ag\u00e9 de 64 ans, il avait dirig\u00e9 le BCIJ entre 2015 et 2020. Auparavant, M. El Khiame avait effectu\u00e9 un brillant parcours au sein de la Brigade nationale de la police judiciaire<\/div>\n<p>Auteur: David J\u00e9r\u00e9mie<br \/>\n<a href=\"https:\/\/www.challenge.ma\/maroc-abdelhak-khiam-ancien-patron-du-bcij-nest-plus-243880\/\">Cliquez ici pour lire l&rsquo;article depuis sa source.<\/a><\/p>\n","protected":false},"excerpt":{"rendered":"<p>Abdelhak El Khiame, ancien patron du Bureau central d\u2019investigations judiciaires (BCIJ), est d\u00e9c\u00e9d\u00e9 ce mardi 23 ao\u00fbt courant. Ag\u00e9 de 64 ans, il avait dirig\u00e9 le BCIJ entre 2015 et 2020. Auparavant, M. El Khiame avait effectu\u00e9 un brillant parcours au sein de la Brigade nationale de la police judiciaire Auteur: David J\u00e9r\u00e9mie Cliquez ici [&hellip;]<\/p>\n","protected":false},"author":1787,"featured_media":0,"comment_status":"closed","ping_status":"closed","sticky":false,"template":"","format":"standard","meta":{"fifu_image_url":"https:\/\/www.challenge.ma\/wp-content\/uploads\/2022\/08\/Abdelhak-Khiam.jpg","fifu_image_alt":"Maroc. Abdelhak El Khiame, ancien patron du BCIJ, n\u2019est plus","footnotes":""},"categories":[78,54],"tags":[],"class_list":["post-155575","post","type-post","status-publish","format-standard","hentry","category-economie","category-maroc"],"_links":{"self":[{"href":"https:\/\/linitiative.ca\/International\/wp-json\/wp\/v2\/posts\/155575","targetHints":{"allow":["GET"]}}],"collection":[{"href":"https:\/\/linitiative.ca\/International\/wp-json\/wp\/v2\/posts"}],"about":[{"href":"https:\/\/linitiative.ca\/International\/wp-json\/wp\/v2\/types\/post"}],"author":[{"embeddable":true,"href":"https:\/\/linitiative.ca\/International\/wp-json\/wp\/v2\/users\/1787"}],"replies":[{"embeddable":true,"href":"https:\/\/linitiative.ca\/International\/wp-json\/wp\/v2\/comments?post=155575"}],"version-history":[{"count":0,"href":"https:\/\/linitiative.ca\/International\/wp-json\/wp\/v2\/posts\/155575\/revisions"}],"wp:attachment":[{"href":"https:\/\/linitiative.ca\/International\/wp-json\/wp\/v2\/media?parent=155575"}],"wp:term":[{"taxonomy":"category","embeddable":true,"href":"https:\/\/linitiative.ca\/International\/wp-json\/wp\/v2\/categories?post=155575"},{"taxonomy":"post_tag","embeddable":true,"href":"https:\/\/linitiative.ca\/International\/wp-json\/wp\/v2\/tags?post=155575"}],"curies":[{"name":"wp","href":"https:\/\/api.w.org\/{rel}","templated":true}]}}