{"id":15559,"date":"2019-02-19T15:19:24","date_gmt":"2019-02-19T20:19:24","guid":{"rendered":"https:\/\/linitiative.ca\/International\/presidentielle-2019-necessite-de-continuite-de-la-gouvernance-du-president-bouteflika-batir-une-algerie-forte\/"},"modified":"2019-02-19T15:19:24","modified_gmt":"2019-02-19T20:19:24","slug":"presidentielle-2019-necessite-de-continuite-de-la-gouvernance-du-president-bouteflika-batir-une-algerie-forte","status":"publish","type":"post","link":"https:\/\/linitiative.ca\/International\/presidentielle-2019-necessite-de-continuite-de-la-gouvernance-du-president-bouteflika-batir-une-algerie-forte\/","title":{"rendered":"Pr\u00e9sidentielle 2019, N\u00e9cessit\u00e9 de continuit\u00e9 de la gouvernance du pr\u00e9sident Bouteflika : B\u00e2tir une Alg\u00e9rie forte"},"content":{"rendered":"<p><strong>Lors de sa rencontre avec l\u2019Union nationale des femmes alg\u00e9riennes (UNFA), M. Abdelmalek Sellal, directeur de la campagne \u00e9lectorale de M. Bouteflika pour la prochaine pr\u00e9sidentielle, a d\u00e9fendu, arguments \u00e0 l\u2019appui, la n\u00e9cessit\u00e9 de continuit\u00e9 de la gouvernance du Pr\u00e9sident de la R\u00e9publique pour les ann\u00e9es \u00e0 venir.<\/strong><\/p>\n<p>\u00abL\u2019Alg\u00e9rie a encore besoin du Pr\u00e9sident Bouteflika\u00bb, a-t-il dit. \u00abC\u2019est le plus indiqu\u00e9 pour g\u00e9rer cette phase d\u00e9licate qui doit d\u00e9boucher sur une transmission du t\u00e9moin \u00e0 la g\u00e9n\u00e9ration postind\u00e9pendance\u00bb, a-t-il ajout\u00e9. Une phase sensible en effet qui recommande de l\u2019exp\u00e9rience, de la clairvoyance et de la comp\u00e9tence, et selon M. Sellal, le Pr\u00e9sident de la R\u00e9publique r\u00e9unit tous ces atouts. Un propos qui tient lieu de v\u00e9rit\u00e9 ind\u00e9niable, eu \u00e9gard au parcours hors pair qui est celui de M. Bouteflika, dont la carri\u00e8re politique a \u00e9t\u00e9 entam\u00e9e d\u00e8s le jeune \u00e2ge. Une carri\u00e8re jalonn\u00e9e par des \u00e9tapes phare et des prises de position rest\u00e9es historiques, autant dans les annales de la diplomatie, que dans le domaine de la gouvernance d\u2019un pays o\u00f9 il a rem\u00e9di\u00e9, par une vision judicieuse, au fl\u00e9au de la violence terroriste et enclench\u00e9 un processus de d\u00e9veloppement ambitieux ayant permis de remettre l\u2019Alg\u00e9rie sur la voie du progr\u00e8s et de la modernit\u00e9. \u00abLes\u00a0 donn\u00e9es\u00a0 actuelles prouvent\u00a0 que la pr\u00e9sence de Pr\u00e9sident Bouteflika est indispensable \u00e0 la t\u00eate du pays.\u00bb Des donn\u00e9es qui sonnent comme de v\u00e9ritables d\u00e9fis qu\u2019il faudrait absolument relever au double plan interne et externe. Ils sont surtout li\u00e9s, comme l\u2019a d\u00e9j\u00e0\u00a0 indiqu\u00e9 M. Bouteflika, dans son message de candidature, \u00ab\u00e0 la consolidation d\u2019une soci\u00e9t\u00e9 de progr\u00e8s, de justice et d\u2019\u00e9quit\u00e9, politiquement consensuelle et socialement inclusive, fond\u00e9e sur une \u00e9conomie productive et comp\u00e9titive, progressivement d\u00e9barrass\u00e9e, au plan budg\u00e9taire et financier, de la d\u00e9pendance excessive \u00e0 l\u2019\u00e9gard des hydrocarbures\u00bb. En d\u2019autres\u00a0 termes,\u00a0 conforte\u00a0 M. Sellal, \u00able Pr\u00e9sident de la\u00a0 R\u00e9publique ne demande pas plus que d\u2019achever son programme, pour permettre \u00e0 l\u2019Alg\u00e9rie de vivre dans la paix et la s\u00e9r\u00e9nit\u00e9\u00bb. Les grandes lignes de son programme, \u00e0 mettre en \u0153uvre s\u2019il est \u00e9lu, traduisent sa volont\u00e9 d\u2019\u00e9difier une Alg\u00e9rie forte, \u00e0 travers l\u2019approfondissement des r\u00e9formes d\u00e9j\u00e0 engag\u00e9es dans divers domaines, et ce dans le but de consolider l\u2019ancrage des institutions de l\u2019\u00c9tat et de b\u00e2tir une Alg\u00e9rie forte aux plans politique, \u00e9conomique et social. Les objectifs de ces r\u00e9formes ont \u00e9t\u00e9, rappelle-t-on, clairement d\u00e9finis dans le m\u00eame message, o\u00f9 il a, notamment, mis l\u2019accent sur la n\u00e9cessit\u00e9 d\u2019impulser une nouvelle dynamique de croissance plus dense et plus comp\u00e9titive.\u00a0\u00ab\u00c0 cette fin, tous les changements n\u00e9cessaires devront \u00eatre introduits sans dogmatisme aucun, avec le concours du secteur public, du capital priv\u00e9 national et du partenariat \u00e9tranger, et avec comme seule r\u00e9f\u00e9rence l\u2019efficacit\u00e9 et la performance, la cr\u00e9ation d\u2019emplois et l\u2019augmentation des revenus du pays\u00bb, avait en effet expliqu\u00e9 M. Bouteflika. Il avait \u00e9galement insist\u00e9 sur la p\u00e9rennisation de notre syst\u00e8me de protection\u00a0 sociale et la promotion des principes de justice et d\u2019\u00e9quit\u00e9. Le message de candidature du\u00a0 Pr\u00e9sident Bouteflika a \u00e9t\u00e9 d\u2019une clart\u00e9 limpide, a soutenu M. Sellal, lors de cette rencontre.\u00a0\u00abImm\u00e9diatement apr\u00e8s la pr\u00e9sidentielle, et s\u2019il est \u00e9lu, il organisera une conf\u00e9rence nationale, et, \u00e0 ce sujet, je tiens \u00e0 rappeler que toutes les parties, tous les Alg\u00e9riens y seront associ\u00e9s. Elle sera ouverte m\u00eame \u00e0 l\u2019opposition\u00bb, conclut-il.<br \/>Karim Aoudia<\/p>\n<p>Auteur: elmoudjahid<br \/>\n<a href=\"http:\/\/www.elmoudjahid.com\/fr\/actualites\/133951\">Cliquez ici pour lire l&rsquo;article depuis sa source.<\/a><\/p>\n","protected":false},"excerpt":{"rendered":"<p>Lors de sa rencontre avec l\u2019Union nationale des femmes alg\u00e9riennes (UNFA), M. Abdelmalek Sellal, directeur de la campagne \u00e9lectorale de M. Bouteflika pour la prochaine pr\u00e9sidentielle, a d\u00e9fendu, arguments \u00e0 l\u2019appui, la n\u00e9cessit\u00e9 de continuit\u00e9 de la gouvernance du Pr\u00e9sident de la R\u00e9publique pour les ann\u00e9es \u00e0 venir. \u00abL\u2019Alg\u00e9rie a encore besoin du Pr\u00e9sident Bouteflika\u00bb, [&hellip;]<\/p>\n","protected":false},"author":1744,"featured_media":0,"comment_status":"closed","ping_status":"closed","sticky":false,"template":"","format":"standard","meta":{"fifu_image_url":"","fifu_image_alt":"","footnotes":""},"categories":[73,53],"tags":[],"class_list":["post-15559","post","type-post","status-publish","format-standard","hentry","category-actualite","category-algerie"],"_links":{"self":[{"href":"https:\/\/linitiative.ca\/International\/wp-json\/wp\/v2\/posts\/15559","targetHints":{"allow":["GET"]}}],"collection":[{"href":"https:\/\/linitiative.ca\/International\/wp-json\/wp\/v2\/posts"}],"about":[{"href":"https:\/\/linitiative.ca\/International\/wp-json\/wp\/v2\/types\/post"}],"author":[{"embeddable":true,"href":"https:\/\/linitiative.ca\/International\/wp-json\/wp\/v2\/users\/1744"}],"replies":[{"embeddable":true,"href":"https:\/\/linitiative.ca\/International\/wp-json\/wp\/v2\/comments?post=15559"}],"version-history":[{"count":0,"href":"https:\/\/linitiative.ca\/International\/wp-json\/wp\/v2\/posts\/15559\/revisions"}],"wp:attachment":[{"href":"https:\/\/linitiative.ca\/International\/wp-json\/wp\/v2\/media?parent=15559"}],"wp:term":[{"taxonomy":"category","embeddable":true,"href":"https:\/\/linitiative.ca\/International\/wp-json\/wp\/v2\/categories?post=15559"},{"taxonomy":"post_tag","embeddable":true,"href":"https:\/\/linitiative.ca\/International\/wp-json\/wp\/v2\/tags?post=15559"}],"curies":[{"name":"wp","href":"https:\/\/api.w.org\/{rel}","templated":true}]}}