{"id":155605,"date":"2022-08-23T12:33:55","date_gmt":"2022-08-23T16:33:55","guid":{"rendered":"https:\/\/linitiative.ca\/International\/cameroun-les-releves-de-notes-du-baccalaureat-2022-sont-disponibles\/"},"modified":"2022-08-23T12:33:55","modified_gmt":"2022-08-23T16:33:55","slug":"cameroun-les-releves-de-notes-du-baccalaureat-2022-sont-disponibles","status":"publish","type":"post","link":"https:\/\/linitiative.ca\/International\/cameroun-les-releves-de-notes-du-baccalaureat-2022-sont-disponibles\/","title":{"rendered":"Cameroun : les relev\u00e9s de notes du baccalaur\u00e9at 2022 sont disponibles"},"content":{"rendered":"<div>\n<p><img decoding=\"async\" width=\"800\" height=\"448\" src=\"https:\/\/linitiative.ca\/International\/wp-content\/uploads\/sites\/23\/2022\/08\/OBC.jpg\" class=\"attachment-post-thumbnail size-post-thumbnail wp-post-image\" alt=\"Les relev\u00e9s de notes du baccalaur\u00e9at 2022 sont disponibles\" loading=\"lazy\" srcset=\"https:\/\/linitiative.ca\/International\/wp-content\/uploads\/sites\/23\/2022\/08\/OBC.jpg 800w, https:\/\/www.journalducameroun.com\/wp-content\/uploads\/2020\/08\/OBC-300x168.jpg 300w, https:\/\/www.journalducameroun.com\/wp-content\/uploads\/2020\/08\/OBC-768x430.jpg 768w, https:\/\/www.journalducameroun.com\/wp-content\/uploads\/2020\/08\/OBC-160x90.jpg 160w, https:\/\/www.journalducameroun.com\/wp-content\/uploads\/2020\/08\/OBC-240x135.jpg 240w, https:\/\/www.journalducameroun.com\/wp-content\/uploads\/2020\/08\/OBC-786x440.jpg 786w, https:\/\/www.journalducameroun.com\/wp-content\/uploads\/2020\/08\/OBC-600x336.jpg 600w\" sizes=\"auto, (max-width: 800px) 100vw, 800px\"><\/p>\n<h2 style=\"text-align: justify;\">L\u2019information est du directeur de l\u2019Office du baccalaur\u00e9at du Cameroun. Elle est contenue dans un communiqu\u00e9 en date du 23 ao\u00fbt 2022.<\/h2>\n<p style=\"text-align: justify;\">\n<p style=\"text-align: justify;\">Apr\u00e8s les examens et la proclamation des r\u00e9sultats du baccalaur\u00e9at, place \u00e0 la d\u00e9livrance et au retrait des relev\u00e9s de notes. Dans le communiqu\u00e9 N\u00b0000044\/C\/OBC, le directeur de l\u2019Office du baccalaur\u00e9at de Cameroun informe la communaut\u00e9 \u00e9ducative nationale et internationale ainsi que les laur\u00e9ats des examens baccalaur\u00e9ats, brevets de techniciens et brevets professionnels de la session 2022 que les relev\u00e9s de notes sont disponibles dans les 10 r\u00e9gions du pays.<\/p>\n<p style=\"text-align: justify;\">Par le m\u00eame communiqu\u00e9, Etienne Roger Minkoulou invite\u00a0 les laur\u00e9ats \u00e0 proc\u00e9der au retrait gratuit de ces documents. Pour ce faire, ils doivent se munir d\u2019une pi\u00e8ce d\u2019identification en cours de validit\u00e9. A pr\u00e8s d\u2019un mois et demi de la rentr\u00e9e acad\u00e9mique, cette pi\u00e8ce arrive \u00e0 point nomm\u00e9. Elle figure parmi les documents demand\u00e9s par\u00a0 les institutions universitaires lors des pr\u00e9inscriptions de nouveaux \u00e9tudiants. Ces pr\u00e9inscriptions qui se d\u00e9roulent souvent au mois de septembre vont bient\u00f4t s\u2019ouvrir.<\/p>\n<p>Cet article <a rel=\"nofollow\" href=\"https:\/\/www.journalducameroun.com\/cameroun-les-releves-de-notes-du-baccalaureat-2022-sont-disponibles\/\">Cameroun : les relev\u00e9s de notes du baccalaur\u00e9at 2022 sont disponibles<\/a> est apparu en premier sur <a rel=\"nofollow\" href=\"https:\/\/www.journalducameroun.com\/\">Journal du Cameroun<\/a>.<\/p>\n<\/div>\n<p>Auteur: Arnaud MAWEL<br \/>\n<a href=\"https:\/\/www.journalducameroun.com\/cameroun-les-releves-de-notes-du-baccalaureat-2022-sont-disponibles\/\">Cliquez ici pour lire l&rsquo;article depuis sa source.<\/a><\/p>\n","protected":false},"excerpt":{"rendered":"<p>L\u2019information est du directeur de l\u2019Office du baccalaur\u00e9at du Cameroun. Elle est contenue dans un communiqu\u00e9 en date du 23 ao\u00fbt 2022. Apr\u00e8s les examens et la proclamation des r\u00e9sultats du baccalaur\u00e9at, place \u00e0 la d\u00e9livrance et au retrait des relev\u00e9s de notes. Dans le communiqu\u00e9 N\u00b0000044\/C\/OBC, le directeur de l\u2019Office du baccalaur\u00e9at de Cameroun [&hellip;]<\/p>\n","protected":false},"author":1965,"featured_media":0,"comment_status":"closed","ping_status":"closed","sticky":false,"template":"","format":"standard","meta":{"fifu_image_url":"https:\/\/www.journalducameroun.com\/wp-content\/uploads\/2020\/08\/OBC.jpg","fifu_image_alt":"Cameroun : les relev\u00e9s de notes du baccalaur\u00e9at 2022 sont disponibles","footnotes":""},"categories":[73,82],"tags":[],"class_list":["post-155605","post","type-post","status-publish","format-standard","hentry","category-actualite","category-cameroun"],"_links":{"self":[{"href":"https:\/\/linitiative.ca\/International\/wp-json\/wp\/v2\/posts\/155605","targetHints":{"allow":["GET"]}}],"collection":[{"href":"https:\/\/linitiative.ca\/International\/wp-json\/wp\/v2\/posts"}],"about":[{"href":"https:\/\/linitiative.ca\/International\/wp-json\/wp\/v2\/types\/post"}],"author":[{"embeddable":true,"href":"https:\/\/linitiative.ca\/International\/wp-json\/wp\/v2\/users\/1965"}],"replies":[{"embeddable":true,"href":"https:\/\/linitiative.ca\/International\/wp-json\/wp\/v2\/comments?post=155605"}],"version-history":[{"count":0,"href":"https:\/\/linitiative.ca\/International\/wp-json\/wp\/v2\/posts\/155605\/revisions"}],"wp:attachment":[{"href":"https:\/\/linitiative.ca\/International\/wp-json\/wp\/v2\/media?parent=155605"}],"wp:term":[{"taxonomy":"category","embeddable":true,"href":"https:\/\/linitiative.ca\/International\/wp-json\/wp\/v2\/categories?post=155605"},{"taxonomy":"post_tag","embeddable":true,"href":"https:\/\/linitiative.ca\/International\/wp-json\/wp\/v2\/tags?post=155605"}],"curies":[{"name":"wp","href":"https:\/\/api.w.org\/{rel}","templated":true}]}}