{"id":155661,"date":"2022-08-24T04:34:00","date_gmt":"2022-08-24T08:34:00","guid":{"rendered":"https:\/\/linitiative.ca\/International\/reconcilier-economie-et-ecologie-pour-mieux-preparer-la-transition-energetique\/"},"modified":"2022-08-24T04:34:00","modified_gmt":"2022-08-24T08:34:00","slug":"reconcilier-economie-et-ecologie-pour-mieux-preparer-la-transition-energetique","status":"publish","type":"post","link":"https:\/\/linitiative.ca\/International\/reconcilier-economie-et-ecologie-pour-mieux-preparer-la-transition-energetique\/","title":{"rendered":"R\u00e9concilier \u00e9conomie et \u00e9cologie pour mieux pr\u00e9parer la transition \u00e9nerg\u00e9tique"},"content":{"rendered":"<div><img decoding=\"async\" src=\"https:\/\/linitiative.ca\/International\/wp-content\/uploads\/sites\/23\/2022\/08\/1661326172_article.jpg\" alt=\"R\u00e9concilier \u00e9conomie et \u00e9cologie pour mieux pr\u00e9parer la transition \u00e9nerg\u00e9tique\" align=\"left\">Par Pr Samir Allal. Universit\u00e9 de Versailles\/Paris-Saclay<br \/>\n1- La conscience \u00e9cologique vient d&rsquo;une menace, non d&rsquo;une esp\u00e9rance<br \/>\n\u00abNotre conscience \u00e9cologique nous am\u00e8ne \u00e0 repenser non seulement notre relation \u00e0 la nature, mais notre histoire et notre civilisation\u00bb, aime \u00e0 le r\u00e9p\u00e9ter Edgar Morin qui s\u2019est abreuv\u00e9 de l&rsquo;observation critique de son temps. Les propositions th\u00e9oriques, de ce grand penseur centenaire se sont enrichies de ses multiples \u00e9changes et amiti\u00e9s intellectuelles, avec Serge Moscovici, Ivan Illich, Andr\u00e9 Gorz, Bruno Latour et d\u2019autres, pour appr\u00e9hender au plus pr\u00e8s la crise actuelle \u00ab\u00e9cologique\u00bb. Ses r\u00e9flexions tissent aujourd&rsquo;hui un fil d&rsquo;Ariane &#8230;<\/p>\n<\/div>\n<p>Auteur:<br \/>\n<a href=\"https:\/\/www.leaders.com.tn\/article\/33736-reconcilier-economie-et-ecologie-pour-mieux-preparer-la-transition-energetique\">Cliquez ici pour lire l&rsquo;article depuis sa source.<\/a><\/p>\n","protected":false},"excerpt":{"rendered":"<p>Par Pr Samir Allal. Universit\u00e9 de Versailles\/Paris-Saclay 1- La conscience \u00e9cologique vient d&rsquo;une menace, non d&rsquo;une esp\u00e9rance \u00abNotre conscience \u00e9cologique nous am\u00e8ne \u00e0 repenser non seulement notre relation \u00e0 la nature, mais notre histoire et notre civilisation\u00bb, aime \u00e0 le r\u00e9p\u00e9ter Edgar Morin qui s\u2019est abreuv\u00e9 de l&rsquo;observation critique de son temps. Les propositions th\u00e9oriques, [&hellip;]<\/p>\n","protected":false},"author":1772,"featured_media":0,"comment_status":"closed","ping_status":"closed","sticky":false,"template":"","format":"standard","meta":{"fifu_image_url":"http:\/\/www.leaders.com.tn\/uploads\/content\/thumbnails_small\/1661326172_article.jpg","fifu_image_alt":"R\u00e9concilier \u00e9conomie et \u00e9cologie pour mieux pr\u00e9parer la transition \u00e9nerg\u00e9tique","footnotes":""},"categories":[73,55],"tags":[],"class_list":["post-155661","post","type-post","status-publish","format-standard","hentry","category-actualite","category-tunisie"],"_links":{"self":[{"href":"https:\/\/linitiative.ca\/International\/wp-json\/wp\/v2\/posts\/155661","targetHints":{"allow":["GET"]}}],"collection":[{"href":"https:\/\/linitiative.ca\/International\/wp-json\/wp\/v2\/posts"}],"about":[{"href":"https:\/\/linitiative.ca\/International\/wp-json\/wp\/v2\/types\/post"}],"author":[{"embeddable":true,"href":"https:\/\/linitiative.ca\/International\/wp-json\/wp\/v2\/users\/1772"}],"replies":[{"embeddable":true,"href":"https:\/\/linitiative.ca\/International\/wp-json\/wp\/v2\/comments?post=155661"}],"version-history":[{"count":0,"href":"https:\/\/linitiative.ca\/International\/wp-json\/wp\/v2\/posts\/155661\/revisions"}],"wp:attachment":[{"href":"https:\/\/linitiative.ca\/International\/wp-json\/wp\/v2\/media?parent=155661"}],"wp:term":[{"taxonomy":"category","embeddable":true,"href":"https:\/\/linitiative.ca\/International\/wp-json\/wp\/v2\/categories?post=155661"},{"taxonomy":"post_tag","embeddable":true,"href":"https:\/\/linitiative.ca\/International\/wp-json\/wp\/v2\/tags?post=155661"}],"curies":[{"name":"wp","href":"https:\/\/api.w.org\/{rel}","templated":true}]}}