{"id":155748,"date":"2022-08-25T13:11:28","date_gmt":"2022-08-25T17:11:28","guid":{"rendered":"https:\/\/linitiative.ca\/International\/enseignement-la-liquidation-des-rappels-de-promotion-se-fera-par-tranches\/"},"modified":"2022-08-25T13:11:28","modified_gmt":"2022-08-25T17:11:28","slug":"enseignement-la-liquidation-des-rappels-de-promotion-se-fera-par-tranches","status":"publish","type":"post","link":"https:\/\/linitiative.ca\/International\/enseignement-la-liquidation-des-rappels-de-promotion-se-fera-par-tranches\/","title":{"rendered":"Enseignement: La liquidation des rappels de promotion se fera par tranches"},"content":{"rendered":"<div>\n<div class=\"field field-name-body field-type-text-with-summary field-label-hidden\">\n<div class=\"field-items\">\n<div class=\"field-item even\" property=\"content:encoded\">\n<p class=\"rtejustify\">Le ministre d\u00e9l\u00e9gu\u00e9 charg\u00e9 des Relations avec le parlement, Porte-parole du gouvernement, Mustapha Baitas, a indiqu\u00e9, jeudi \u00e0 Rabat, que la liquidation des rappels de promotion en instance dans le secteur de l&rsquo;enseignement se fera par tranches. Baitas affirm\u00e9 que le gouvernement a consacr\u00e9 une enveloppe de pr\u00e8s de 7 milliards de DH au titre de l&rsquo;ann\u00e9e budg\u00e9taire 2022 pour la liquidation des rappels de promotion en instance depuis deux ans. Plusieurs d\u00e9partement ont d\u00e9j\u00e0 entam\u00e9 le r\u00e8glement des promotions gel\u00e9es, a-t-il assur\u00e9.<\/p>\n<\/div>\n<\/div>\n<\/div>\n<\/div>\n<p>Auteur: hgueye<br \/>\n<a href=\"https:\/\/www.leconomiste.com\/flash-infos\/enseignement-la-liquidation-des-rappels-de-promotion-se-fera-par-tranches\">Cliquez ici pour lire l&rsquo;article depuis sa source.<\/a><\/p>\n","protected":false},"excerpt":{"rendered":"<p>Le ministre d\u00e9l\u00e9gu\u00e9 charg\u00e9 des Relations avec le parlement, Porte-parole du gouvernement, Mustapha Baitas, a indiqu\u00e9, jeudi \u00e0 Rabat, que la liquidation des rappels de promotion en instance dans le secteur de l&rsquo;enseignement se fera par tranches. Baitas affirm\u00e9 que le gouvernement a consacr\u00e9 une enveloppe de pr\u00e8s de 7 milliards de DH au titre [&hellip;]<\/p>\n","protected":false},"author":1763,"featured_media":0,"comment_status":"closed","ping_status":"closed","sticky":false,"template":"","format":"standard","meta":{"fifu_image_url":"","fifu_image_alt":"","footnotes":""},"categories":[78,54],"tags":[],"class_list":["post-155748","post","type-post","status-publish","format-standard","hentry","category-economie","category-maroc"],"_links":{"self":[{"href":"https:\/\/linitiative.ca\/International\/wp-json\/wp\/v2\/posts\/155748","targetHints":{"allow":["GET"]}}],"collection":[{"href":"https:\/\/linitiative.ca\/International\/wp-json\/wp\/v2\/posts"}],"about":[{"href":"https:\/\/linitiative.ca\/International\/wp-json\/wp\/v2\/types\/post"}],"author":[{"embeddable":true,"href":"https:\/\/linitiative.ca\/International\/wp-json\/wp\/v2\/users\/1763"}],"replies":[{"embeddable":true,"href":"https:\/\/linitiative.ca\/International\/wp-json\/wp\/v2\/comments?post=155748"}],"version-history":[{"count":0,"href":"https:\/\/linitiative.ca\/International\/wp-json\/wp\/v2\/posts\/155748\/revisions"}],"wp:attachment":[{"href":"https:\/\/linitiative.ca\/International\/wp-json\/wp\/v2\/media?parent=155748"}],"wp:term":[{"taxonomy":"category","embeddable":true,"href":"https:\/\/linitiative.ca\/International\/wp-json\/wp\/v2\/categories?post=155748"},{"taxonomy":"post_tag","embeddable":true,"href":"https:\/\/linitiative.ca\/International\/wp-json\/wp\/v2\/tags?post=155748"}],"curies":[{"name":"wp","href":"https:\/\/api.w.org\/{rel}","templated":true}]}}