{"id":155758,"date":"2022-08-25T03:29:00","date_gmt":"2022-08-25T07:29:00","guid":{"rendered":"https:\/\/linitiative.ca\/International\/lambassadeur-de-tunisie-a-seoul-nabih-el-abed-meilleur-ambassadeur-en-coree\/"},"modified":"2022-08-25T03:29:00","modified_gmt":"2022-08-25T07:29:00","slug":"lambassadeur-de-tunisie-a-seoul-nabih-el-abed-meilleur-ambassadeur-en-coree","status":"publish","type":"post","link":"https:\/\/linitiative.ca\/International\/lambassadeur-de-tunisie-a-seoul-nabih-el-abed-meilleur-ambassadeur-en-coree\/","title":{"rendered":"L\u2019ambassadeur de Tunisie \u00e0 S\u00e9oul, Nabih El Abed, meilleur ambassadeur en Cor\u00e9e"},"content":{"rendered":"<div><img decoding=\"async\" src=\"https:\/\/linitiative.ca\/International\/wp-content\/uploads\/sites\/23\/2022\/08\/1661409091_article.jpg\" alt=\"L\u2019ambassadeur de Tunisie \u00e0 S\u00e9oul, Nabih El Abed, meilleur ambassadeur en Cor\u00e9e\" align=\"left\">Distinction significative d\u00e9cern\u00e9e \u00e0 l\u2019ambassadeur de Tunisie en Cor\u00e9e, Nabih El Abed qui s\u2019appr\u00eate \u00e0 rentrer \u00e0 Tunis au terme d\u2019une mission de cinq ans. C\u2019est ainsi que le Korea Consumer Global Council l\u2019a consacr\u00e9 comme l\u2019Ambassadeur de l\u2019Ann\u00e9e, \u00ab en reconnaissance de ses activit\u00e9s diplomatiques et du r\u00f4le central qu\u2019il a jou\u00e9 dans la promotion du partenariat strat\u00e9gique et l\u2019entente entre les deux pays. \u00bb Le Prix sp\u00e9cial d\u00e9cern\u00e9 \u00e0 l\u2019ambassadeur El Abed constitue une distinction cor\u00e9enne prestigieuse octroy\u00e9e chaque ann\u00e9e \u00e0 des personnalit\u00e9s politiques, diplomatiques et \u00e9conomiques les plus influentes. <\/p>\n<p>\u00a0<\/p>\n<\/div>\n<p>Auteur:<br \/>\n<a href=\"https:\/\/www.leaders.com.tn\/article\/33741-l-ambassadeur-de-tunisie-a-seoul-nabih-el-abed-meilleur-ambassadeur-en-coree\">Cliquez ici pour lire l&rsquo;article depuis sa source.<\/a><\/p>\n","protected":false},"excerpt":{"rendered":"<p>Distinction significative d\u00e9cern\u00e9e \u00e0 l\u2019ambassadeur de Tunisie en Cor\u00e9e, Nabih El Abed qui s\u2019appr\u00eate \u00e0 rentrer \u00e0 Tunis au terme d\u2019une mission de cinq ans. C\u2019est ainsi que le Korea Consumer Global Council l\u2019a consacr\u00e9 comme l\u2019Ambassadeur de l\u2019Ann\u00e9e, \u00ab en reconnaissance de ses activit\u00e9s diplomatiques et du r\u00f4le central qu\u2019il a jou\u00e9 dans la [&hellip;]<\/p>\n","protected":false},"author":1772,"featured_media":0,"comment_status":"closed","ping_status":"closed","sticky":false,"template":"","format":"standard","meta":{"fifu_image_url":"http:\/\/www.leaders.com.tn\/uploads\/content\/thumbnails_small\/1661409091_article.jpg","fifu_image_alt":"L\u2019ambassadeur de Tunisie \u00e0 S\u00e9oul, Nabih El Abed, meilleur ambassadeur en Cor\u00e9e","footnotes":""},"categories":[73,55],"tags":[],"class_list":["post-155758","post","type-post","status-publish","format-standard","hentry","category-actualite","category-tunisie"],"_links":{"self":[{"href":"https:\/\/linitiative.ca\/International\/wp-json\/wp\/v2\/posts\/155758","targetHints":{"allow":["GET"]}}],"collection":[{"href":"https:\/\/linitiative.ca\/International\/wp-json\/wp\/v2\/posts"}],"about":[{"href":"https:\/\/linitiative.ca\/International\/wp-json\/wp\/v2\/types\/post"}],"author":[{"embeddable":true,"href":"https:\/\/linitiative.ca\/International\/wp-json\/wp\/v2\/users\/1772"}],"replies":[{"embeddable":true,"href":"https:\/\/linitiative.ca\/International\/wp-json\/wp\/v2\/comments?post=155758"}],"version-history":[{"count":0,"href":"https:\/\/linitiative.ca\/International\/wp-json\/wp\/v2\/posts\/155758\/revisions"}],"wp:attachment":[{"href":"https:\/\/linitiative.ca\/International\/wp-json\/wp\/v2\/media?parent=155758"}],"wp:term":[{"taxonomy":"category","embeddable":true,"href":"https:\/\/linitiative.ca\/International\/wp-json\/wp\/v2\/categories?post=155758"},{"taxonomy":"post_tag","embeddable":true,"href":"https:\/\/linitiative.ca\/International\/wp-json\/wp\/v2\/tags?post=155758"}],"curies":[{"name":"wp","href":"https:\/\/api.w.org\/{rel}","templated":true}]}}