{"id":155774,"date":"2022-08-25T15:56:48","date_gmt":"2022-08-25T19:56:48","guid":{"rendered":"https:\/\/linitiative.ca\/International\/tunisie-video-sellaouti-la-rentree-ne-coute-pas-800-dt-par-eleve\/"},"modified":"2022-08-25T15:56:48","modified_gmt":"2022-08-25T19:56:48","slug":"tunisie-video-sellaouti-la-rentree-ne-coute-pas-800-dt-par-eleve","status":"publish","type":"post","link":"https:\/\/linitiative.ca\/International\/tunisie-video-sellaouti-la-rentree-ne-coute-pas-800-dt-par-eleve\/","title":{"rendered":"Tunisie \u2013 VIDEO\u00a0: Sellaouti\u00a0: La rentr\u00e9e ne co\u00fbte pas 800 DT par \u00e9l\u00e8ve\u00a0!"},"content":{"rendered":"<div>\n<p>Le ministre de l\u2019\u00e9ducation, Fathi Sellaouti, a d\u00e9clar\u00e9, ce jeudi, qu\u2019il n\u2019\u00e9tait pas vrai que la rentr\u00e9e scolaire coutait vers les 800, 850 DT, et que c\u2019est assez exag\u00e9r\u00e9. Il a expliqu\u00e9 que le prix des manuels scolaires est tr\u00e8s bas, et que pour le reste de la fourniture scolaire, c\u2019est au parent de rationaliser [\u2026]<\/p>\n<p>L\u2019article <a href=\"https:\/\/www.tunisienumerique.com\/tunisie-video-sellaouti-la-rentree-ne-coute-pas-800-dt-par-eleve\/\">Tunisie \u2013 VIDEO\u00a0: Sellaouti\u00a0: La rentr\u00e9e ne co\u00fbte pas 800 DT par \u00e9l\u00e8ve\u00a0!<\/a> est apparu en premier sur <a href=\"https:\/\/www.tunisienumerique.com\/\">Tunisie<\/a>.<\/p>\n<\/div>\n<p>Auteur: LM<br \/>\n<a href=\"https:\/\/www.tunisienumerique.com\/tunisie-video-sellaouti-la-rentree-ne-coute-pas-800-dt-par-eleve\/\">Cliquez ici pour lire l&rsquo;article depuis sa source.<\/a><\/p>\n","protected":false},"excerpt":{"rendered":"<p>Le ministre de l\u2019\u00e9ducation, Fathi Sellaouti, a d\u00e9clar\u00e9, ce jeudi, qu\u2019il n\u2019\u00e9tait pas vrai que la rentr\u00e9e scolaire coutait vers les 800, 850 DT, et que c\u2019est assez exag\u00e9r\u00e9. Il a expliqu\u00e9 que le prix des manuels scolaires est tr\u00e8s bas, et que pour le reste de la fourniture scolaire, c\u2019est au parent de rationaliser [&hellip;]<\/p>\n","protected":false},"author":1789,"featured_media":0,"comment_status":"closed","ping_status":"closed","sticky":false,"template":"","format":"standard","meta":{"fifu_image_url":"","fifu_image_alt":"","footnotes":""},"categories":[73,55],"tags":[],"class_list":["post-155774","post","type-post","status-publish","format-standard","hentry","category-actualite","category-tunisie"],"_links":{"self":[{"href":"https:\/\/linitiative.ca\/International\/wp-json\/wp\/v2\/posts\/155774","targetHints":{"allow":["GET"]}}],"collection":[{"href":"https:\/\/linitiative.ca\/International\/wp-json\/wp\/v2\/posts"}],"about":[{"href":"https:\/\/linitiative.ca\/International\/wp-json\/wp\/v2\/types\/post"}],"author":[{"embeddable":true,"href":"https:\/\/linitiative.ca\/International\/wp-json\/wp\/v2\/users\/1789"}],"replies":[{"embeddable":true,"href":"https:\/\/linitiative.ca\/International\/wp-json\/wp\/v2\/comments?post=155774"}],"version-history":[{"count":0,"href":"https:\/\/linitiative.ca\/International\/wp-json\/wp\/v2\/posts\/155774\/revisions"}],"wp:attachment":[{"href":"https:\/\/linitiative.ca\/International\/wp-json\/wp\/v2\/media?parent=155774"}],"wp:term":[{"taxonomy":"category","embeddable":true,"href":"https:\/\/linitiative.ca\/International\/wp-json\/wp\/v2\/categories?post=155774"},{"taxonomy":"post_tag","embeddable":true,"href":"https:\/\/linitiative.ca\/International\/wp-json\/wp\/v2\/tags?post=155774"}],"curies":[{"name":"wp","href":"https:\/\/api.w.org\/{rel}","templated":true}]}}