{"id":155775,"date":"2022-08-25T16:07:54","date_gmt":"2022-08-25T20:07:54","guid":{"rendered":"https:\/\/linitiative.ca\/International\/le-blocage-des-projets-des-energies-renouvelables-creuse-le-deficit-energetique-a-4-milliards-de-dinars\/"},"modified":"2022-08-25T16:07:54","modified_gmt":"2022-08-25T20:07:54","slug":"le-blocage-des-projets-des-energies-renouvelables-creuse-le-deficit-energetique-a-4-milliards-de-dinars","status":"publish","type":"post","link":"https:\/\/linitiative.ca\/International\/le-blocage-des-projets-des-energies-renouvelables-creuse-le-deficit-energetique-a-4-milliards-de-dinars\/","title":{"rendered":"Le blocage des projets des \u00e9nergies renouvelables creuse le d\u00e9ficit \u00e9nerg\u00e9tique \u00e0 4 milliards de dinars"},"content":{"rendered":"<div>\n<p>\u00a0Les exportations des produits \u00e9nerg\u00e9tiques ont enregistr\u00e9 une hausse de 62% accompagn\u00e9e par un accroissement des importations en valeur aussi de 86% et ce, selon le rapport mensuel sur la conjoncture \u00e9nerg\u00e9tique publi\u00e9 hier mercredi 24 ao\u00fbt 2022, par le minist\u00e8re de l\u2019Industrie, de l\u2019Energie et des Mines. Ainsi, le d\u00e9ficit de la balance commerciale [\u2026]<\/p>\n<p>L\u2019article <a href=\"https:\/\/www.tunisienumerique.com\/le-blocage-des-projets-des-energies-renouvelables-creuse-le-deficit-energetique-a-4-milliards-de-dinars\/\">Le blocage des projets des \u00e9nergies renouvelables creuse le d\u00e9ficit \u00e9nerg\u00e9tique \u00e0 4 milliards de dinars<\/a> est apparu en premier sur <a href=\"https:\/\/www.tunisienumerique.com\/\">Tunisie<\/a>.<\/p>\n<\/div>\n<p>Auteur: Mohamed Ben Abderrazek<br \/>\n<a href=\"https:\/\/www.tunisienumerique.com\/le-blocage-des-projets-des-energies-renouvelables-creuse-le-deficit-energetique-a-4-milliards-de-dinars\/\">Cliquez ici pour lire l&rsquo;article depuis sa source.<\/a><\/p>\n","protected":false},"excerpt":{"rendered":"<p>\u00a0Les exportations des produits \u00e9nerg\u00e9tiques ont enregistr\u00e9 une hausse de 62% accompagn\u00e9e par un accroissement des importations en valeur aussi de 86% et ce, selon le rapport mensuel sur la conjoncture \u00e9nerg\u00e9tique publi\u00e9 hier mercredi 24 ao\u00fbt 2022, par le minist\u00e8re de l\u2019Industrie, de l\u2019Energie et des Mines. Ainsi, le d\u00e9ficit de la balance commerciale [&hellip;]<\/p>\n","protected":false},"author":1789,"featured_media":0,"comment_status":"closed","ping_status":"closed","sticky":false,"template":"","format":"standard","meta":{"fifu_image_url":"","fifu_image_alt":"","footnotes":""},"categories":[73,55],"tags":[],"class_list":["post-155775","post","type-post","status-publish","format-standard","hentry","category-actualite","category-tunisie"],"_links":{"self":[{"href":"https:\/\/linitiative.ca\/International\/wp-json\/wp\/v2\/posts\/155775","targetHints":{"allow":["GET"]}}],"collection":[{"href":"https:\/\/linitiative.ca\/International\/wp-json\/wp\/v2\/posts"}],"about":[{"href":"https:\/\/linitiative.ca\/International\/wp-json\/wp\/v2\/types\/post"}],"author":[{"embeddable":true,"href":"https:\/\/linitiative.ca\/International\/wp-json\/wp\/v2\/users\/1789"}],"replies":[{"embeddable":true,"href":"https:\/\/linitiative.ca\/International\/wp-json\/wp\/v2\/comments?post=155775"}],"version-history":[{"count":0,"href":"https:\/\/linitiative.ca\/International\/wp-json\/wp\/v2\/posts\/155775\/revisions"}],"wp:attachment":[{"href":"https:\/\/linitiative.ca\/International\/wp-json\/wp\/v2\/media?parent=155775"}],"wp:term":[{"taxonomy":"category","embeddable":true,"href":"https:\/\/linitiative.ca\/International\/wp-json\/wp\/v2\/categories?post=155775"},{"taxonomy":"post_tag","embeddable":true,"href":"https:\/\/linitiative.ca\/International\/wp-json\/wp\/v2\/tags?post=155775"}],"curies":[{"name":"wp","href":"https:\/\/api.w.org\/{rel}","templated":true}]}}