{"id":155781,"date":"2022-08-25T15:56:52","date_gmt":"2022-08-25T19:56:52","guid":{"rendered":"https:\/\/linitiative.ca\/International\/dialogue-national-au-tchad-leternel-recommencement\/"},"modified":"2022-08-25T15:56:52","modified_gmt":"2022-08-25T19:56:52","slug":"dialogue-national-au-tchad-leternel-recommencement","status":"publish","type":"post","link":"https:\/\/linitiative.ca\/International\/dialogue-national-au-tchad-leternel-recommencement\/","title":{"rendered":"DIALOGUE NATIONAL AU TCHAD\u00a0: L\u2019\u00e9ternel recommencement\u00a0?"},"content":{"rendered":"<div>\n<p><img decoding=\"async\" width=\"275\" height=\"183\" src=\"https:\/\/linitiative.ca\/International\/wp-content\/uploads\/sites\/23\/2022\/08\/TCHAD-3.jpg\" class=\"attachment- size- wp-post-image\" alt=\"\" loading=\"lazy\" style=\"float:left; margin:0 15px 15px 0;\" srcset=\"https:\/\/linitiative.ca\/International\/wp-content\/uploads\/sites\/23\/2022\/08\/TCHAD-3.jpg 275w, https:\/\/lepays.bf\/wp-content\/uploads\/2022\/08\/TCHAD-3-150x100.jpg 150w, https:\/\/lepays.bf\/wp-content\/uploads\/2022\/08\/TCHAD-3-128x86.jpg 128w\" sizes=\"auto, (max-width: 275px) 100vw, 275px\">Ouvert le 20 ao\u00fbt dernier, le dialogue national inclusif souverain, cens\u00e9 durer trois semaines, a du mal \u00e0 encha\u00eener les s\u00e9ances et de la peine \u00e0 entrer dans le vif du sujet au Tchad. En effet, quand ce ne sont pas des difficult\u00e9s organisationnelles qui [\u2026]<\/p>\n<p>L\u2019article <a rel=\"nofollow\" href=\"https:\/\/lepays.bf\/dialogue-national-au-tchad-leternel-recommencement\/\">DIALOGUE NATIONAL AU TCHAD\u00a0: L\u2019\u00e9ternel recommencement\u00a0?<\/a> est apparu en premier sur <a rel=\"nofollow\" href=\"https:\/\/lepays.bf\/\">Editions Le Pays<\/a>.<\/p>\n<\/div>\n<p>Auteur: Editions LEPAYS<br \/>\n<a href=\"https:\/\/lepays.bf\/dialogue-national-au-tchad-leternel-recommencement\/\">Cliquez ici pour lire l&rsquo;article depuis sa source.<\/a><\/p>\n","protected":false},"excerpt":{"rendered":"<p>Ouvert le 20 ao\u00fbt dernier, le dialogue national inclusif souverain, cens\u00e9 durer trois semaines, a du mal \u00e0 encha\u00eener les s\u00e9ances et de la peine \u00e0 entrer dans le vif du sujet au Tchad. En effet, quand ce ne sont pas des difficult\u00e9s organisationnelles qui [\u2026] L\u2019article DIALOGUE NATIONAL AU TCHAD\u00a0: L\u2019\u00e9ternel recommencement\u00a0? est apparu [&hellip;]<\/p>\n","protected":false},"author":1813,"featured_media":0,"comment_status":"closed","ping_status":"closed","sticky":false,"template":"","format":"standard","meta":{"fifu_image_url":"https:\/\/lepays.bf\/wp-content\/uploads\/2022\/08\/TCHAD-3.jpg","fifu_image_alt":"DIALOGUE NATIONAL AU TCHAD\u00a0: L\u2019\u00e9ternel recommencement\u00a0?","footnotes":""},"categories":[73,81],"tags":[],"class_list":["post-155781","post","type-post","status-publish","format-standard","hentry","category-actualite","category-burkina-faso"],"_links":{"self":[{"href":"https:\/\/linitiative.ca\/International\/wp-json\/wp\/v2\/posts\/155781","targetHints":{"allow":["GET"]}}],"collection":[{"href":"https:\/\/linitiative.ca\/International\/wp-json\/wp\/v2\/posts"}],"about":[{"href":"https:\/\/linitiative.ca\/International\/wp-json\/wp\/v2\/types\/post"}],"author":[{"embeddable":true,"href":"https:\/\/linitiative.ca\/International\/wp-json\/wp\/v2\/users\/1813"}],"replies":[{"embeddable":true,"href":"https:\/\/linitiative.ca\/International\/wp-json\/wp\/v2\/comments?post=155781"}],"version-history":[{"count":0,"href":"https:\/\/linitiative.ca\/International\/wp-json\/wp\/v2\/posts\/155781\/revisions"}],"wp:attachment":[{"href":"https:\/\/linitiative.ca\/International\/wp-json\/wp\/v2\/media?parent=155781"}],"wp:term":[{"taxonomy":"category","embeddable":true,"href":"https:\/\/linitiative.ca\/International\/wp-json\/wp\/v2\/categories?post=155781"},{"taxonomy":"post_tag","embeddable":true,"href":"https:\/\/linitiative.ca\/International\/wp-json\/wp\/v2\/tags?post=155781"}],"curies":[{"name":"wp","href":"https:\/\/api.w.org\/{rel}","templated":true}]}}