{"id":155783,"date":"2022-08-25T15:59:52","date_gmt":"2022-08-25T19:59:52","guid":{"rendered":"https:\/\/linitiative.ca\/International\/visite-de-macron-en-algerie-le-jeu-de-funambule-du-president-francais\/"},"modified":"2022-08-25T15:59:52","modified_gmt":"2022-08-25T19:59:52","slug":"visite-de-macron-en-algerie-le-jeu-de-funambule-du-president-francais","status":"publish","type":"post","link":"https:\/\/linitiative.ca\/International\/visite-de-macron-en-algerie-le-jeu-de-funambule-du-president-francais\/","title":{"rendered":"VISITE DE MACRON EN ALGERIE : Le jeu de funambule du pr\u00e9sident fran\u00e7ais"},"content":{"rendered":"<div>\n<p><img decoding=\"async\" width=\"752\" height=\"423\" src=\"https:\/\/linitiative.ca\/International\/wp-content\/uploads\/sites\/23\/2022\/08\/Macron-1.jpg\" class=\"attachment- size- wp-post-image\" alt=\"\" loading=\"lazy\" style=\"float:left; margin:0 15px 15px 0;\" srcset=\"https:\/\/linitiative.ca\/International\/wp-content\/uploads\/sites\/23\/2022\/08\/Macron-1.jpg 752w, https:\/\/lepays.bf\/wp-content\/uploads\/2022\/08\/Macron-1-300x169.jpg 300w, https:\/\/lepays.bf\/wp-content\/uploads\/2022\/08\/Macron-1-150x84.jpg 150w\" sizes=\"auto, (max-width: 752px) 100vw, 752px\">Sur invitation de son homologue alg\u00e9rien, Abdelmadjid Tebboune, le pr\u00e9sident fran\u00e7ais, Emmanuel Macron, s\u00e9journe depuis hier, 25 ao\u00fbt 2022, en Alg\u00e9rie et ce, pour une visite de 72 heures. Officiellement, l\u2019objectif de ce d\u00e9placement au sommet, est de lancer \u00ab\u00a0un nouvel agenda bilat\u00e9ral, construit en [\u2026]<\/p>\n<p>L\u2019article <a rel=\"nofollow\" href=\"https:\/\/lepays.bf\/visite-de-macron-en-algerie-le-jeu-de-funambule-du-president-francais\/\">VISITE DE MACRON EN ALGERIE : Le jeu de funambule du pr\u00e9sident fran\u00e7ais<\/a> est apparu en premier sur <a rel=\"nofollow\" href=\"https:\/\/lepays.bf\/\">Editions Le Pays<\/a>.<\/p>\n<\/div>\n<p>Auteur: Editions LEPAYS<br \/>\n<a href=\"https:\/\/lepays.bf\/visite-de-macron-en-algerie-le-jeu-de-funambule-du-president-francais\/\">Cliquez ici pour lire l&rsquo;article depuis sa source.<\/a><\/p>\n","protected":false},"excerpt":{"rendered":"<p>Sur invitation de son homologue alg\u00e9rien, Abdelmadjid Tebboune, le pr\u00e9sident fran\u00e7ais, Emmanuel Macron, s\u00e9journe depuis hier, 25 ao\u00fbt 2022, en Alg\u00e9rie et ce, pour une visite de 72 heures. Officiellement, l\u2019objectif de ce d\u00e9placement au sommet, est de lancer \u00ab\u00a0un nouvel agenda bilat\u00e9ral, construit en [\u2026] L\u2019article VISITE DE MACRON EN ALGERIE : Le jeu [&hellip;]<\/p>\n","protected":false},"author":1813,"featured_media":0,"comment_status":"closed","ping_status":"closed","sticky":false,"template":"","format":"standard","meta":{"fifu_image_url":"https:\/\/lepays.bf\/wp-content\/uploads\/2022\/08\/Macron-1.jpg","fifu_image_alt":"VISITE DE MACRON EN ALGERIE : Le jeu de funambule du pr\u00e9sident fran\u00e7ais","footnotes":""},"categories":[73,81],"tags":[],"class_list":["post-155783","post","type-post","status-publish","format-standard","hentry","category-actualite","category-burkina-faso"],"_links":{"self":[{"href":"https:\/\/linitiative.ca\/International\/wp-json\/wp\/v2\/posts\/155783","targetHints":{"allow":["GET"]}}],"collection":[{"href":"https:\/\/linitiative.ca\/International\/wp-json\/wp\/v2\/posts"}],"about":[{"href":"https:\/\/linitiative.ca\/International\/wp-json\/wp\/v2\/types\/post"}],"author":[{"embeddable":true,"href":"https:\/\/linitiative.ca\/International\/wp-json\/wp\/v2\/users\/1813"}],"replies":[{"embeddable":true,"href":"https:\/\/linitiative.ca\/International\/wp-json\/wp\/v2\/comments?post=155783"}],"version-history":[{"count":0,"href":"https:\/\/linitiative.ca\/International\/wp-json\/wp\/v2\/posts\/155783\/revisions"}],"wp:attachment":[{"href":"https:\/\/linitiative.ca\/International\/wp-json\/wp\/v2\/media?parent=155783"}],"wp:term":[{"taxonomy":"category","embeddable":true,"href":"https:\/\/linitiative.ca\/International\/wp-json\/wp\/v2\/categories?post=155783"},{"taxonomy":"post_tag","embeddable":true,"href":"https:\/\/linitiative.ca\/International\/wp-json\/wp\/v2\/tags?post=155783"}],"curies":[{"name":"wp","href":"https:\/\/api.w.org\/{rel}","templated":true}]}}