{"id":155785,"date":"2022-08-25T16:03:20","date_gmt":"2022-08-25T20:03:20","guid":{"rendered":"https:\/\/linitiative.ca\/International\/remise-du-rapport-des-assises-nationales-sur-fond-dappel-a-manifester-du-fndc-en-guinee-le-chemin-de-la-reconciliation-jonche-depines\/"},"modified":"2022-08-25T16:03:20","modified_gmt":"2022-08-25T20:03:20","slug":"remise-du-rapport-des-assises-nationales-sur-fond-dappel-a-manifester-du-fndc-en-guinee-le-chemin-de-la-reconciliation-jonche-depines","status":"publish","type":"post","link":"https:\/\/linitiative.ca\/International\/remise-du-rapport-des-assises-nationales-sur-fond-dappel-a-manifester-du-fndc-en-guinee-le-chemin-de-la-reconciliation-jonche-depines\/","title":{"rendered":"REMISE DU RAPPORT DES ASSISES NATIONALES SUR FOND D\u2019APPEL A MANIFESTER DU FNDC EN GUINEE : Le chemin de la r\u00e9conciliation jonch\u00e9 d\u2019\u00e9pines"},"content":{"rendered":"<div>\n<p><img loading=\"lazy\" decoding=\"async\" width=\"800\" height=\"500\" src=\"https:\/\/lepays.bf\/wp-content\/uploads\/2022\/08\/colonel_mamadi_doumbouya9.webp\" class=\"attachment- size- wp-post-image\" alt=\"\" style=\"float:left; margin:0 15px 15px 0;\" srcset=\"https:\/\/lepays.bf\/wp-content\/uploads\/2022\/08\/colonel_mamadi_doumbouya9.webp 800w, https:\/\/lepays.bf\/wp-content\/uploads\/2022\/08\/colonel_mamadi_doumbouya9-300x188.webp 300w, https:\/\/lepays.bf\/wp-content\/uploads\/2022\/08\/colonel_mamadi_doumbouya9-150x94.webp 150w, https:\/\/lepays.bf\/wp-content\/uploads\/2022\/08\/colonel_mamadi_doumbouya9-768x480.webp 768w\" sizes=\"auto, (max-width: 800px) 100vw, 800px\">Les membres du Comit\u00e9 national des assises nationales ont remis, le 24 ao\u00fbt dernier, leur rapport final \u00e0 la junte militaire au pouvoir en Guin\u00e9e. En rappel, ces assises se sont d\u00e9roul\u00e9es du 22 mars au 29 avril 2022 sur le territoire national et dans [\u2026]<\/p>\n<p>L\u2019article <a rel=\"nofollow\" href=\"https:\/\/lepays.bf\/remise-du-rapport-des-assises-nationales-sur-fond-dappel-a-manifester-du-fndc-en-guinee-le-chemin-de-la-reconciliation-jonche-depines\/\">REMISE DU RAPPORT DES ASSISES NATIONALES SUR FOND D\u2019APPEL A MANIFESTER DU FNDC EN GUINEE : Le chemin de la r\u00e9conciliation jonch\u00e9 d\u2019\u00e9pines<\/a> est apparu en premier sur <a rel=\"nofollow\" href=\"https:\/\/lepays.bf\/\">Editions Le Pays<\/a>.<\/p>\n<\/div>\n<p>Auteur: Editions LEPAYS<br \/>\n<a href=\"https:\/\/lepays.bf\/remise-du-rapport-des-assises-nationales-sur-fond-dappel-a-manifester-du-fndc-en-guinee-le-chemin-de-la-reconciliation-jonche-depines\/\">Cliquez ici pour lire l&rsquo;article depuis sa source.<\/a><\/p>\n","protected":false},"excerpt":{"rendered":"<p>Les membres du Comit\u00e9 national des assises nationales ont remis, le 24 ao\u00fbt dernier, leur rapport final \u00e0 la junte militaire au pouvoir en Guin\u00e9e. En rappel, ces assises se sont d\u00e9roul\u00e9es du 22 mars au 29 avril 2022 sur le territoire national et dans [\u2026] L\u2019article REMISE DU RAPPORT DES ASSISES NATIONALES SUR FOND [&hellip;]<\/p>\n","protected":false},"author":1813,"featured_media":0,"comment_status":"closed","ping_status":"closed","sticky":false,"template":"","format":"standard","meta":{"fifu_image_url":"https:\/\/lepays.bf\/wp-content\/uploads\/2022\/08\/colonel_mamadi_doumbouya9.webp","fifu_image_alt":"REMISE DU RAPPORT DES ASSISES NATIONALES SUR FOND D\u2019APPEL A MANIFESTER DU FNDC EN GUINEE : Le chemin de la r\u00e9conciliation jonch\u00e9 d\u2019\u00e9pines","footnotes":""},"categories":[73,81],"tags":[],"class_list":["post-155785","post","type-post","status-publish","format-standard","hentry","category-actualite","category-burkina-faso"],"_links":{"self":[{"href":"https:\/\/linitiative.ca\/International\/wp-json\/wp\/v2\/posts\/155785","targetHints":{"allow":["GET"]}}],"collection":[{"href":"https:\/\/linitiative.ca\/International\/wp-json\/wp\/v2\/posts"}],"about":[{"href":"https:\/\/linitiative.ca\/International\/wp-json\/wp\/v2\/types\/post"}],"author":[{"embeddable":true,"href":"https:\/\/linitiative.ca\/International\/wp-json\/wp\/v2\/users\/1813"}],"replies":[{"embeddable":true,"href":"https:\/\/linitiative.ca\/International\/wp-json\/wp\/v2\/comments?post=155785"}],"version-history":[{"count":0,"href":"https:\/\/linitiative.ca\/International\/wp-json\/wp\/v2\/posts\/155785\/revisions"}],"wp:attachment":[{"href":"https:\/\/linitiative.ca\/International\/wp-json\/wp\/v2\/media?parent=155785"}],"wp:term":[{"taxonomy":"category","embeddable":true,"href":"https:\/\/linitiative.ca\/International\/wp-json\/wp\/v2\/categories?post=155785"},{"taxonomy":"post_tag","embeddable":true,"href":"https:\/\/linitiative.ca\/International\/wp-json\/wp\/v2\/tags?post=155785"}],"curies":[{"name":"wp","href":"https:\/\/api.w.org\/{rel}","templated":true}]}}