{"id":155789,"date":"2022-08-25T13:07:33","date_gmt":"2022-08-25T17:07:33","guid":{"rendered":"https:\/\/linitiative.ca\/International\/forces-armees-nationales-le-president-du-faso-dissout-le-groupement-central-des-armees-et-cree-un-nouveau-regiment\/"},"modified":"2022-08-25T13:07:33","modified_gmt":"2022-08-25T17:07:33","slug":"forces-armees-nationales-le-president-du-faso-dissout-le-groupement-central-des-armees-et-cree-un-nouveau-regiment","status":"publish","type":"post","link":"https:\/\/linitiative.ca\/International\/forces-armees-nationales-le-president-du-faso-dissout-le-groupement-central-des-armees-et-cree-un-nouveau-regiment\/","title":{"rendered":"Forces arm\u00e9es nationales : le pr\u00e9sident du Faso dissout le Groupement central des arm\u00e9es et cr\u00e9e un nouveau r\u00e9giment"},"content":{"rendered":"<div>\n<p>Plusieurs d\u00e9crets portant, notamment, dissolution du Groupement central des arm\u00e9es (GCA), d\u00e9localisation de corps de troupe et cr\u00e9ation du 26\u00e8me R\u00e9giment d\u2019infanterie commando qui sera bas\u00e9 \u00e0 Boromo sign\u00e9 entre le 12 et le 18 ao\u00fbt ont \u00e9t\u00e9 rendus publics ce 25 ao\u00fbt 2022.<\/p>\n<p>On d\u00e9couvre ainsi que les corps de troupe relevant du GCA dissout sont d\u00e9localis\u00e9s au sein de l\u2019\u00c9tat-major g\u00e9n\u00e9ral des arm\u00e9es et de l\u2019arm\u00e9e de terre.<\/p>\n<p>Quant au texte portant d\u00e9localisation de corps de troupe, il affecte le 10\u00e8me R\u00e9giment de commandement d\u2019appui et de soutien (RCAS) dans le Bam, le Bataillon du Train dans le Ganzourgou, le Bataillon des Transmissions strat\u00e9giques des arm\u00e9es dans le Baz\u00e8ga, et le Bataillon du g\u00e9nie militaire dans le Boulkiemd\u00e9.<\/p>\n<p>Il donne\u00a0 jusquau 15 octobre aux diff\u00e9rentes formations militaires pour rejoindre leurs nouvelles affectations.<\/p>\n<p>Un autre d\u00e9cret porte nomination d\u2019un commandant de la Brigade de veille et de d\u00e9fense patriotique en la personne du colonel Boukar\u00e9 Zoungrana.<\/p>\n<p>Ces mouvements interviennent apr\u00e8s que le gouvernement de Transition ait annonc\u00e9 une restructuration des forces arm\u00e9es nationales et de nouvelles acquisitions d\u2019\u00e9quipements militaires.<\/p>\n<p>Aussi, plusieurs voix au sein de l\u2019opinion nationale appelaient \u00e9galement la hi\u00e9rarchie militaire \u00e0 se rendre sur le terrain des op\u00e9rations.<\/p>\n<p><strong>Sidwaya.info<\/strong><\/p>\n<\/div>\n<p>Auteur: Wamini SIDWAYA<br \/>\n<a href=\"https:\/\/www.sidwaya.info\/blog\/2022\/08\/25\/forces-armees-nationales-le-president-du-faso-dissout-le-groupement-central-des-armees-et-cree-un-nouveau-regiment\/\">Cliquez ici pour lire l&rsquo;article depuis sa source.<\/a><\/p>\n","protected":false},"excerpt":{"rendered":"<p>Plusieurs d\u00e9crets portant, notamment, dissolution du Groupement central des arm\u00e9es (GCA), d\u00e9localisation de corps de troupe et cr\u00e9ation du 26\u00e8me R\u00e9giment d\u2019infanterie commando qui sera bas\u00e9 \u00e0 Boromo sign\u00e9 entre le 12 et le 18 ao\u00fbt ont \u00e9t\u00e9 rendus publics ce 25 ao\u00fbt 2022. On d\u00e9couvre ainsi que les corps de troupe relevant du GCA [&hellip;]<\/p>\n","protected":false},"author":1816,"featured_media":0,"comment_status":"closed","ping_status":"closed","sticky":false,"template":"","format":"standard","meta":{"fifu_image_url":"","fifu_image_alt":"","footnotes":""},"categories":[73,81],"tags":[],"class_list":["post-155789","post","type-post","status-publish","format-standard","hentry","category-actualite","category-burkina-faso"],"_links":{"self":[{"href":"https:\/\/linitiative.ca\/International\/wp-json\/wp\/v2\/posts\/155789","targetHints":{"allow":["GET"]}}],"collection":[{"href":"https:\/\/linitiative.ca\/International\/wp-json\/wp\/v2\/posts"}],"about":[{"href":"https:\/\/linitiative.ca\/International\/wp-json\/wp\/v2\/types\/post"}],"author":[{"embeddable":true,"href":"https:\/\/linitiative.ca\/International\/wp-json\/wp\/v2\/users\/1816"}],"replies":[{"embeddable":true,"href":"https:\/\/linitiative.ca\/International\/wp-json\/wp\/v2\/comments?post=155789"}],"version-history":[{"count":0,"href":"https:\/\/linitiative.ca\/International\/wp-json\/wp\/v2\/posts\/155789\/revisions"}],"wp:attachment":[{"href":"https:\/\/linitiative.ca\/International\/wp-json\/wp\/v2\/media?parent=155789"}],"wp:term":[{"taxonomy":"category","embeddable":true,"href":"https:\/\/linitiative.ca\/International\/wp-json\/wp\/v2\/categories?post=155789"},{"taxonomy":"post_tag","embeddable":true,"href":"https:\/\/linitiative.ca\/International\/wp-json\/wp\/v2\/tags?post=155789"}],"curies":[{"name":"wp","href":"https:\/\/api.w.org\/{rel}","templated":true}]}}