{"id":155790,"date":"2022-08-25T14:20:06","date_gmt":"2022-08-25T18:20:06","guid":{"rendered":"https:\/\/linitiative.ca\/International\/coupe-du-president-de-lauacamvovg-en-petanque-la-6e-edition-dans-la-sobriete\/"},"modified":"2022-08-25T14:20:06","modified_gmt":"2022-08-25T18:20:06","slug":"coupe-du-president-de-lauacamvovg-en-petanque-la-6e-edition-dans-la-sobriete","status":"publish","type":"post","link":"https:\/\/linitiative.ca\/International\/coupe-du-president-de-lauacamvovg-en-petanque-la-6e-edition-dans-la-sobriete\/","title":{"rendered":"Coupe du pr\u00e9sident de l\u2019AUACAMVOVG en p\u00e9tanque : La 6e \u00e9dition dans la sobri\u00e9t\u00e9  \u00a0"},"content":{"rendered":"<div>\n<p><b>La coupe du pr\u00e9sident de l\u2019association unique des anciens combattants, anciens militaires, veuves, orphelins et victimes de guerre (AUACAMVOVG) du Burkina Faso se tiendra le 27 aout 2022 au si\u00e8ge de ladite association \u00e0 Ouagadougou. Pour la pr\u00e9sente \u00e9dition, 6<\/b><b>e<\/b><b> du genre, environ 360 boulistes sont attendus.\u00a0<\/b><\/p>\n<p><span style=\"font-weight: 400\">Pour sensibiliser ses membres par rapport \u00e0 la situation s\u00e9curitaire et avoir une pens\u00e9e pour leurs enfants qui luttent sur le terrain, l\u2019Association unique des anciens combattants, anciens militaires, veuves, orphelins et victimes de guerre (AUACAMVOVG) du Burkina Faso tiendra la 6<\/span><span style=\"font-weight: 400\">e<\/span><span style=\"font-weight: 400\"> \u00e9dition de la coupe de son pr\u00e9sident en p\u00e9tanque, le 27 aout prochain \u00e0 son si\u00e8ge \u00e0 Ouagadougou. <\/span><\/p>\n<p><span style=\"font-weight: 400\">Ils seront environ 360 boulistes issus des clubs des villes de Koudougou, Ouahigouya, Koup\u00e9la, Zorgho, Mogt\u00e9do, Loumbila, Ziniar\u00e9 et Ouagadougou. Comme aux \u00e9ditions pr\u00e9c\u00e9dentes, il y\u2019aura trois types de comp\u00e9titions. <\/span><\/p>\n<p><span style=\"font-weight: 400\">Une comp\u00e9tition de triplettes o\u00f9 environ 100 \u00e9quipes sont attendues. Les triplettes qui ne franchiront pas le premier tour seront revers\u00e9es dans une comp\u00e9tition d\u00e9nomm\u00e9e la consolante. <\/span><\/p>\n<p><span style=\"font-weight: 400\">Enfin, la comp\u00e9tition genre d\u2019anciens combattants et anciens militaires en doublette. Cette 6<\/span><span style=\"font-weight: 400\">e<\/span><span style=\"font-weight: 400\"> \u00e9dition de la coupe du pr\u00e9sident de l\u2019AUACAMVOVG en p\u00e9tanque est plac\u00e9e sous la pr\u00e9sidence du ministre de la d\u00e9fense et des anciens combattants et le parrainage du la directrice g\u00e9n\u00e9rale de la CARFO et le colonel major Yacouba Ou\u00e9draogo. <\/span><\/p>\n<p><span style=\"font-weight: 400\">Les inscriptions de l\u2019\u00e9dition de 2022 d\u00e9butent cet apr\u00e8s-midi au si\u00e8ge de l\u2019AUACAMVOVG pour une mise de 2000 F CFA. <\/span><\/p>\n<p style=\"padding-left: 40px\"><span style=\"font-weight: 400\">Le coup d\u2019envoi des comp\u00e9titions est pr\u00e9vu pour le\u00a0 27 aout \u00e0 8 heures 30 minutes. Les finales se disputeront dans l\u2019apr\u00e8s-midi.\u00a0<\/span><\/p>\n<p><b>Ollo Aim\u00e9 C\u00e9saire HIEN<\/b><\/p>\n<\/div>\n<p>Auteur: Wamini SIDWAYA<br \/>\n<a href=\"https:\/\/www.sidwaya.info\/blog\/2022\/08\/25\/coupe-du-president-de-lauacamvovg-en-petanque-la-6e-edition-dans-la-sobriete\/\">Cliquez ici pour lire l&rsquo;article depuis sa source.<\/a><\/p>\n","protected":false},"excerpt":{"rendered":"<p>La coupe du pr\u00e9sident de l\u2019association unique des anciens combattants, anciens militaires, veuves, orphelins et victimes de guerre (AUACAMVOVG) du Burkina Faso se tiendra le 27 aout 2022 au si\u00e8ge de ladite association \u00e0 Ouagadougou. Pour la pr\u00e9sente \u00e9dition, 6e du genre, environ 360 boulistes sont attendus.\u00a0 Pour sensibiliser ses membres par rapport \u00e0 la [&hellip;]<\/p>\n","protected":false},"author":1816,"featured_media":0,"comment_status":"closed","ping_status":"closed","sticky":false,"template":"","format":"standard","meta":{"fifu_image_url":"","fifu_image_alt":"","footnotes":""},"categories":[73,81],"tags":[],"class_list":["post-155790","post","type-post","status-publish","format-standard","hentry","category-actualite","category-burkina-faso"],"_links":{"self":[{"href":"https:\/\/linitiative.ca\/International\/wp-json\/wp\/v2\/posts\/155790","targetHints":{"allow":["GET"]}}],"collection":[{"href":"https:\/\/linitiative.ca\/International\/wp-json\/wp\/v2\/posts"}],"about":[{"href":"https:\/\/linitiative.ca\/International\/wp-json\/wp\/v2\/types\/post"}],"author":[{"embeddable":true,"href":"https:\/\/linitiative.ca\/International\/wp-json\/wp\/v2\/users\/1816"}],"replies":[{"embeddable":true,"href":"https:\/\/linitiative.ca\/International\/wp-json\/wp\/v2\/comments?post=155790"}],"version-history":[{"count":0,"href":"https:\/\/linitiative.ca\/International\/wp-json\/wp\/v2\/posts\/155790\/revisions"}],"wp:attachment":[{"href":"https:\/\/linitiative.ca\/International\/wp-json\/wp\/v2\/media?parent=155790"}],"wp:term":[{"taxonomy":"category","embeddable":true,"href":"https:\/\/linitiative.ca\/International\/wp-json\/wp\/v2\/categories?post=155790"},{"taxonomy":"post_tag","embeddable":true,"href":"https:\/\/linitiative.ca\/International\/wp-json\/wp\/v2\/tags?post=155790"}],"curies":[{"name":"wp","href":"https:\/\/api.w.org\/{rel}","templated":true}]}}