{"id":155793,"date":"2022-08-25T12:18:03","date_gmt":"2022-08-25T16:18:03","guid":{"rendered":"https:\/\/linitiative.ca\/International\/malawi-nouvel-appel-de-fonds-de-lonu-pour-freiner-le-cholera\/"},"modified":"2022-08-25T12:18:03","modified_gmt":"2022-08-25T16:18:03","slug":"malawi-nouvel-appel-de-fonds-de-lonu-pour-freiner-le-cholera","status":"publish","type":"post","link":"https:\/\/linitiative.ca\/International\/malawi-nouvel-appel-de-fonds-de-lonu-pour-freiner-le-cholera\/","title":{"rendered":"Malawi: nouvel appel de fonds de l\u2019Onu pour freiner le chol\u00e9ra"},"content":{"rendered":"<div>\n<p><img decoding=\"async\" width=\"250\" height=\"200\" src=\"https:\/\/linitiative.ca\/International\/wp-content\/uploads\/sites\/23\/2022\/08\/16614442839198.jpg\" class=\"attachment-post-thumbnail size-post-thumbnail wp-post-image\" alt=\"\" loading=\"lazy\"><\/p>\n<p>Le pays d&rsquo;Afrique australe compte a enregistr\u00e9 \u00e0 ce jour 1.485 cas de chol\u00e9ra.L&rsquo;Organisation des Nations unies (Onu) veut aider le Malawi \u00e0 endiguer l&rsquo;\u00e9pid\u00e9mie de chol\u00e9ra. Ce faisant, elle a lanc\u00e9, jeudi 25 ao\u00fbt 2022, un appel \u00e0 un financement suppl\u00e9mentaire pour lutter contre la maladie qui touche la plupart des r\u00e9gions du pays et qui a fait au moins 58 morts au cours des cinq derniers mois.<\/p>\n<p>L&rsquo;\u00e9pid\u00e9mie de chol\u00e9ra, qui \u00e9tait initialement limit\u00e9e \u00e0 la partie sud du Malawi lorsqu&rsquo;elle a commenc\u00e9 en mars 2022, s&rsquo;est maintenant \u00e9tendue aux r\u00e9gions du nord et du centrale. A ce jour, 1.483 cas et 58 d\u00e9c\u00e8s ont \u00e9t\u00e9 enregistr\u00e9s.<\/p>\n<p>Le Fonds des Nations unies pour l&rsquo;enfance (Unicef) et l&rsquo;Organisation mondiale de la sant\u00e9 (OMS) ont demand\u00e9 des fonds suppl\u00e9mentaires pour soutenir leurs interventions visant \u00e0 aider le gouvernement malawite \u00e0 contenir et \u00e0 emp\u00eacher la propagation de cette maladie \u00e9vitable \u00e0 d&rsquo;autres districts.<\/p>\n<p>\u00ab Ce soutien suppl\u00e9mentaire permettra de continuer \u00e0 sauver des vies et de maintenir un syst\u00e8me de sant\u00e9 r\u00e9silient pendant et au-del\u00e0 de l&rsquo;\u00e9pid\u00e9mie actuelle \u00bb, a d\u00e9clar\u00e9 Neema Rusibamayila Kimambo, Repr\u00e9sentante de l&rsquo;OMS dans le pays.<\/p>\n<p>Rudolf Schwenk, repr\u00e9sentant de l&rsquo;Unicef au Malawi, a affirm\u00e9 que ces fonds suppl\u00e9mentaires aideront les agences onusiennes \u00e0 intensifier leurs interventions et \u00e0 faire en sorte que l&rsquo;\u00e9pid\u00e9mie ne submerge pas le syst\u00e8me de sant\u00e9 publique du Malawi, d\u00e9j\u00e0 surcharg\u00e9.<\/p>\n<p>\u00ab Cela,\u00a0a-t-il dit, fera une grande diff\u00e9rence pour des milliers d&rsquo;enfants et leurs familles qui risquent de contracter cette maladie \u00e9vitable \u00bb.<\/p>\n<p>Les fonds suppl\u00e9mentaires serviront \u00e0 renforcer le syst\u00e8me de surveillance pour la d\u00e9tection et la gestion pr\u00e9coces de la maladie, \u00e0 am\u00e9liorer la gestion des cas dans les centres de traitement du chol\u00e9ra, \u00e0 acheter des fournitures m\u00e9dicales n\u00e9cessaires \u00e0 la gestion des cas de chol\u00e9ra et \u00e0 accro\u00eetre l&rsquo;engagement communautaire en temps voulu en mati\u00e8re de pr\u00e9vention et de pratiques d&rsquo;hygi\u00e8ne positives.<\/p>\n<p>Cet article <a rel=\"nofollow\" href=\"https:\/\/www.journalducameroun.com\/malawi-nouvel-appel-de-fonds-de-lonu-pour-freiner-le-cholera\/\">Malawi: nouvel appel de fonds de l\u2019Onu pour freiner le chol\u00e9ra<\/a> est apparu en premier sur <a rel=\"nofollow\" href=\"https:\/\/www.journalducameroun.com\/\">Journal du Cameroun<\/a>.<\/p>\n<\/div>\n<p>Auteur: APA News<br \/>\n<a href=\"https:\/\/www.journalducameroun.com\/malawi-nouvel-appel-de-fonds-de-lonu-pour-freiner-le-cholera\/\">Cliquez ici pour lire l&rsquo;article depuis sa source.<\/a><\/p>\n","protected":false},"excerpt":{"rendered":"<p>Le pays d&rsquo;Afrique australe compte a enregistr\u00e9 \u00e0 ce jour 1.485 cas de chol\u00e9ra.L&rsquo;Organisation des Nations unies (Onu) veut aider le Malawi \u00e0 endiguer l&rsquo;\u00e9pid\u00e9mie de chol\u00e9ra. Ce faisant, elle a lanc\u00e9, jeudi 25 ao\u00fbt 2022, un appel \u00e0 un financement suppl\u00e9mentaire pour lutter contre la maladie qui touche la plupart des r\u00e9gions du pays [&hellip;]<\/p>\n","protected":false},"author":1965,"featured_media":0,"comment_status":"closed","ping_status":"closed","sticky":false,"template":"","format":"standard","meta":{"fifu_image_url":"https:\/\/www.journalducameroun.com\/wp-content\/uploads\/2022\/08\/16614442839198.jpg","fifu_image_alt":"Malawi: nouvel appel de fonds de l\u2019Onu pour freiner le chol\u00e9ra","footnotes":""},"categories":[73,82],"tags":[],"class_list":["post-155793","post","type-post","status-publish","format-standard","hentry","category-actualite","category-cameroun"],"_links":{"self":[{"href":"https:\/\/linitiative.ca\/International\/wp-json\/wp\/v2\/posts\/155793","targetHints":{"allow":["GET"]}}],"collection":[{"href":"https:\/\/linitiative.ca\/International\/wp-json\/wp\/v2\/posts"}],"about":[{"href":"https:\/\/linitiative.ca\/International\/wp-json\/wp\/v2\/types\/post"}],"author":[{"embeddable":true,"href":"https:\/\/linitiative.ca\/International\/wp-json\/wp\/v2\/users\/1965"}],"replies":[{"embeddable":true,"href":"https:\/\/linitiative.ca\/International\/wp-json\/wp\/v2\/comments?post=155793"}],"version-history":[{"count":0,"href":"https:\/\/linitiative.ca\/International\/wp-json\/wp\/v2\/posts\/155793\/revisions"}],"wp:attachment":[{"href":"https:\/\/linitiative.ca\/International\/wp-json\/wp\/v2\/media?parent=155793"}],"wp:term":[{"taxonomy":"category","embeddable":true,"href":"https:\/\/linitiative.ca\/International\/wp-json\/wp\/v2\/categories?post=155793"},{"taxonomy":"post_tag","embeddable":true,"href":"https:\/\/linitiative.ca\/International\/wp-json\/wp\/v2\/tags?post=155793"}],"curies":[{"name":"wp","href":"https:\/\/api.w.org\/{rel}","templated":true}]}}