{"id":155795,"date":"2022-08-25T12:18:03","date_gmt":"2022-08-25T16:18:03","guid":{"rendered":"https:\/\/linitiative.ca\/International\/leswatini-et-lindonesie-vont-renforcer-leur-cooperation\/"},"modified":"2022-08-25T12:18:03","modified_gmt":"2022-08-25T16:18:03","slug":"leswatini-et-lindonesie-vont-renforcer-leur-cooperation","status":"publish","type":"post","link":"https:\/\/linitiative.ca\/International\/leswatini-et-lindonesie-vont-renforcer-leur-cooperation\/","title":{"rendered":"L\u2019Eswatini et l\u2019Indon\u00e9sie vont renforcer leur coop\u00e9ration"},"content":{"rendered":"<div>\n<p><img decoding=\"async\" width=\"250\" height=\"200\" src=\"https:\/\/linitiative.ca\/International\/wp-content\/uploads\/sites\/23\/2022\/08\/16614442848743.jpg\" class=\"attachment-post-thumbnail size-post-thumbnail wp-post-image\" alt=\"\" loading=\"lazy\"><\/p>\n<p>Les deux pays pr\u00e9voient de signer un accord de coop\u00e9ration \u00e9conomique visant \u00e0 renforcer leurs relations bilat\u00e9rales.L&rsquo;Eswatini et l&rsquo;Indon\u00e9sie explorent les voies et moyens permettant de rendre plus dynamique leur coop\u00e9ration \u00e9conomique.<\/p>\n<p>Selon des informations parvenues \u00e0 APA jeudi 25 ao\u00fbt, le roi Mswati III d&rsquo;Eswatini, qui est en vacances en Indon\u00e9sie, a rencontr\u00e9 le pr\u00e9sident Joko Widodo, pour discuter des efforts visant \u00e0 accro\u00eetre la coop\u00e9ration \u00e9conomique dans les secteurs de la sant\u00e9, du tourisme, des infrastructures et de l&rsquo;\u00e9nergie.<\/p>\n<p>\u00ab Le roi Mswati profite de ses vacances pour tenir une r\u00e9union avec le pr\u00e9sident indon\u00e9sien afin de discuter des efforts visant \u00e0 accro\u00eetre la coop\u00e9ration entre les deux pays, en particulier dans le secteur \u00e9conomique \u00bb, a d\u00e9clar\u00e9 la ministre des Affaires \u00e9trang\u00e8res d&rsquo;Indon\u00e9sie, Retno Marsudi.<\/p>\n<p>Elle a \u00a0ajout\u00e9 que les deux dirigeants ont discut\u00e9 de la mani\u00e8re dont les secteurs priv\u00e9s et les entreprises publiques des deux pays pourraient \u00e9tablir des partenariats plus \u00e9troits.<\/p>\n<p>Selon Mme Marsudi, les deux pays pr\u00e9voient de signer un accord de coop\u00e9ration pour renforcer les relations bilat\u00e9rales, notamment dans le domaine \u00e9conomique. \u00ab Les ministres des Affaires \u00e9trang\u00e8res (d&rsquo;Indon\u00e9sie et d&rsquo;Eswatini) sont charg\u00e9s de pr\u00e9parer le document \u00bb, a-t-elle dit.<\/p>\n<p>Il s&rsquo;agit de la septi\u00e8me visite du roi Mswati en Indon\u00e9sie, les visites pr\u00e9c\u00e9dentes ayant eu lieu en 2002, 2003, 2007, 2008, 2015 et 2019. Le roi d&rsquo;Eswatini est accompagn\u00e9 du ministre des Affaires \u00e9trang\u00e8res, Thulisile Dladla.<\/p>\n<p>Cet article <a rel=\"nofollow\" href=\"https:\/\/www.journalducameroun.com\/leswatini-et-lindonesie-vont-renforcer-leur-cooperation\/\">L\u2019Eswatini et l\u2019Indon\u00e9sie vont renforcer leur coop\u00e9ration<\/a> est apparu en premier sur <a rel=\"nofollow\" href=\"https:\/\/www.journalducameroun.com\/\">Journal du Cameroun<\/a>.<\/p>\n<\/div>\n<p>Auteur: APA News<br \/>\n<a href=\"https:\/\/www.journalducameroun.com\/leswatini-et-lindonesie-vont-renforcer-leur-cooperation\/\">Cliquez ici pour lire l&rsquo;article depuis sa source.<\/a><\/p>\n","protected":false},"excerpt":{"rendered":"<p>Les deux pays pr\u00e9voient de signer un accord de coop\u00e9ration \u00e9conomique visant \u00e0 renforcer leurs relations bilat\u00e9rales.L&rsquo;Eswatini et l&rsquo;Indon\u00e9sie explorent les voies et moyens permettant de rendre plus dynamique leur coop\u00e9ration \u00e9conomique. Selon des informations parvenues \u00e0 APA jeudi 25 ao\u00fbt, le roi Mswati III d&rsquo;Eswatini, qui est en vacances en Indon\u00e9sie, a rencontr\u00e9 le [&hellip;]<\/p>\n","protected":false},"author":1965,"featured_media":0,"comment_status":"closed","ping_status":"closed","sticky":false,"template":"","format":"standard","meta":{"fifu_image_url":"https:\/\/www.journalducameroun.com\/wp-content\/uploads\/2022\/08\/16614442848743.jpg","fifu_image_alt":"L\u2019Eswatini et l\u2019Indon\u00e9sie vont renforcer leur coop\u00e9ration","footnotes":""},"categories":[73,82],"tags":[],"class_list":["post-155795","post","type-post","status-publish","format-standard","hentry","category-actualite","category-cameroun"],"_links":{"self":[{"href":"https:\/\/linitiative.ca\/International\/wp-json\/wp\/v2\/posts\/155795","targetHints":{"allow":["GET"]}}],"collection":[{"href":"https:\/\/linitiative.ca\/International\/wp-json\/wp\/v2\/posts"}],"about":[{"href":"https:\/\/linitiative.ca\/International\/wp-json\/wp\/v2\/types\/post"}],"author":[{"embeddable":true,"href":"https:\/\/linitiative.ca\/International\/wp-json\/wp\/v2\/users\/1965"}],"replies":[{"embeddable":true,"href":"https:\/\/linitiative.ca\/International\/wp-json\/wp\/v2\/comments?post=155795"}],"version-history":[{"count":0,"href":"https:\/\/linitiative.ca\/International\/wp-json\/wp\/v2\/posts\/155795\/revisions"}],"wp:attachment":[{"href":"https:\/\/linitiative.ca\/International\/wp-json\/wp\/v2\/media?parent=155795"}],"wp:term":[{"taxonomy":"category","embeddable":true,"href":"https:\/\/linitiative.ca\/International\/wp-json\/wp\/v2\/categories?post=155795"},{"taxonomy":"post_tag","embeddable":true,"href":"https:\/\/linitiative.ca\/International\/wp-json\/wp\/v2\/tags?post=155795"}],"curies":[{"name":"wp","href":"https:\/\/api.w.org\/{rel}","templated":true}]}}