{"id":155799,"date":"2022-08-25T14:18:03","date_gmt":"2022-08-25T18:18:03","guid":{"rendered":"https:\/\/linitiative.ca\/International\/ethiopie-reprise-de-la-guerre-au-tigre\/"},"modified":"2022-08-25T14:18:03","modified_gmt":"2022-08-25T18:18:03","slug":"ethiopie-reprise-de-la-guerre-au-tigre","status":"publish","type":"post","link":"https:\/\/linitiative.ca\/International\/ethiopie-reprise-de-la-guerre-au-tigre\/","title":{"rendered":"Ethiopie : reprise de la guerre au Tigr\u00e9"},"content":{"rendered":"<div>\n<p><img decoding=\"async\" width=\"250\" height=\"200\" src=\"https:\/\/linitiative.ca\/International\/wp-content\/uploads\/sites\/23\/2022\/08\/16614514832143.jpg\" class=\"attachment-post-thumbnail size-post-thumbnail wp-post-image\" alt=\"\" loading=\"lazy\"><\/p>\n<p>Addis-Abeba accuse le TPLF d&rsquo;avoir lanc\u00e9 de nouvelles attaques contre diff\u00e9rentes positions de l&rsquo;arm\u00e9e r\u00e9guli\u00e8re.Un vent de guerre souffle \u00e0 nouveau dans la r\u00e9gion du Tigr\u00e9, en Ethiopie, alors que les troupes f\u00e9d\u00e9rales et les rebelles du Front de lib\u00e9ration du peuple du Tigr\u00e9 (TPLF) se livrent \u00e0 un massacre, suscitant des appels de l&rsquo;Union africaine et de l&rsquo;Organisation des Nations unies (Onu) pour une d\u00e9sescalade.<\/p>\n<p>Les pr\u00e9occupations exprim\u00e9es par le pr\u00e9sident de la Commission de l&rsquo;Union africaine (UA), Moussa Faki Mahamat, et par le secr\u00e9taire g\u00e9n\u00e9ral de l&rsquo;Onu, Antonio Guterres, au sujet du carnage r\u00e9sultant de la reprise des hostilit\u00e9s, semblent \u00eatre ignor\u00e9es par les bellig\u00e9rants qui poursuivent le conflit avec une vigueur renouvel\u00e9e apr\u00e8s une accalmie malais\u00e9e et de courte dur\u00e9e.<\/p>\n<p>\u00ab Le pr\u00e9sident appelle fermement \u00e0 la cessation imm\u00e9diate des hostilit\u00e9s et exhorte les parties \u00e0 reprendre les pourparlers pour rechercher une solution pacifique \u00bb, a d\u00e9clar\u00e9 l&rsquo;UA dans un communiqu\u00e9 publi\u00e9 mercredi soir.<\/p>\n<p>M. Faki a r\u00e9it\u00e9r\u00e9 l&rsquo;engagement de l&rsquo;UA \u00e0 travailler avec les parties pour soutenir un processus politique consensuel dans l&rsquo;int\u00e9r\u00eat du pays.<\/p>\n<p>Cependant, les deux parties semblent loin d&rsquo;\u00e9couter et \u00e9changent plut\u00f4t des accusations de violation de la tr\u00eave, qui a vu les hostilit\u00e9s s&rsquo;arr\u00eater de mani\u00e8re inqui\u00e9tante.<\/p>\n<p>Le gouvernement \u00e9thiopien a accus\u00e9 les rebelles du TPLF d&rsquo;avoir repris les hostilit\u00e9s en lan\u00e7ant de nouvelles attaques sur diff\u00e9rentes positions du front oriental t\u00f4t mercredi, notamment \u00e0 Bisober, Zobil et Tekulesh.<\/p>\n<p>Il a d\u00e9clar\u00e9 que le mouvement rebelle d\u00e9montre sa position belliqueuse contre toute propension \u00e0 un processus qui assurerait une paix durable.<\/p>\n<p>Le TPLF, quant \u00e0 lui, a accus\u00e9 les forces f\u00e9d\u00e9rales de cibler ses troupes, une accusation rejet\u00e9e par Addis-Abeba qui l&rsquo;a d\u00e9crite comme un pr\u00e9texte des rebelles \u00ab pour poursuivre leur comportement belliciste \u00bb.<\/p>\n<p>Dans un contexte de d\u00e9t\u00e9rioration des niveaux de malnutrition, l&rsquo;\u00c9thiopie conna\u00eet actuellement la pire s\u00e9cheresse depuis 40 ans, et 17 millions de personnes sont vis\u00e9es par l&rsquo;aide humanitaire, selon le porte-parole de l&rsquo;Onu.<\/p>\n<p>L&rsquo;acheminement de l&rsquo;aide humanitaire vers la r\u00e9gion du Tigr\u00e9 n&rsquo;a repris que r\u00e9cemment, apr\u00e8s que le gouvernement f\u00e9d\u00e9ral et le TPLF ont convenu d&rsquo;une cessation conditionnelle des hostilit\u00e9s, qui permettrait d&rsquo;acheminer sans entrave les secours aux personnes d\u00e9plac\u00e9es prises au pi\u00e8ge des combats.<\/p>\n<p>Depuis le d\u00e9but des hostilit\u00e9s, l&rsquo;arm\u00e9e de l&rsquo;air \u00e9thiopienne a affirm\u00e9 que ses troupes avaient abattu un avion qui \u00e9tait entr\u00e9 dans le pays depuis l&rsquo;espace a\u00e9rien soudanais et qui aurait transport\u00e9 des armes \u00e0 destination des rebelles.<\/p>\n<p>Le TPLF et Khartoum, avec qui Addis-Abeba entretient des relations difficiles depuis un conflit frontalier l&rsquo;ann\u00e9e derni\u00e8re, n&rsquo;ont pas fait de commentaires.<\/p>\n<p>Cet article <a rel=\"nofollow\" href=\"https:\/\/www.journalducameroun.com\/ethiopie-reprise-de-la-guerre-au-tigre\/\">Ethiopie : reprise de la guerre au Tigr\u00e9<\/a> est apparu en premier sur <a rel=\"nofollow\" href=\"https:\/\/www.journalducameroun.com\/\">Journal du Cameroun<\/a>.<\/p>\n<\/div>\n<p>Auteur: APA News<br \/>\n<a href=\"https:\/\/www.journalducameroun.com\/ethiopie-reprise-de-la-guerre-au-tigre\/\">Cliquez ici pour lire l&rsquo;article depuis sa source.<\/a><\/p>\n","protected":false},"excerpt":{"rendered":"<p>Addis-Abeba accuse le TPLF d&rsquo;avoir lanc\u00e9 de nouvelles attaques contre diff\u00e9rentes positions de l&rsquo;arm\u00e9e r\u00e9guli\u00e8re.Un vent de guerre souffle \u00e0 nouveau dans la r\u00e9gion du Tigr\u00e9, en Ethiopie, alors que les troupes f\u00e9d\u00e9rales et les rebelles du Front de lib\u00e9ration du peuple du Tigr\u00e9 (TPLF) se livrent \u00e0 un massacre, suscitant des appels de l&rsquo;Union [&hellip;]<\/p>\n","protected":false},"author":1965,"featured_media":0,"comment_status":"closed","ping_status":"closed","sticky":false,"template":"","format":"standard","meta":{"fifu_image_url":"https:\/\/www.journalducameroun.com\/wp-content\/uploads\/2022\/08\/16614514832143.jpg","fifu_image_alt":"Ethiopie : reprise de la guerre au Tigr\u00e9","footnotes":""},"categories":[73,82],"tags":[],"class_list":["post-155799","post","type-post","status-publish","format-standard","hentry","category-actualite","category-cameroun"],"_links":{"self":[{"href":"https:\/\/linitiative.ca\/International\/wp-json\/wp\/v2\/posts\/155799","targetHints":{"allow":["GET"]}}],"collection":[{"href":"https:\/\/linitiative.ca\/International\/wp-json\/wp\/v2\/posts"}],"about":[{"href":"https:\/\/linitiative.ca\/International\/wp-json\/wp\/v2\/types\/post"}],"author":[{"embeddable":true,"href":"https:\/\/linitiative.ca\/International\/wp-json\/wp\/v2\/users\/1965"}],"replies":[{"embeddable":true,"href":"https:\/\/linitiative.ca\/International\/wp-json\/wp\/v2\/comments?post=155799"}],"version-history":[{"count":0,"href":"https:\/\/linitiative.ca\/International\/wp-json\/wp\/v2\/posts\/155799\/revisions"}],"wp:attachment":[{"href":"https:\/\/linitiative.ca\/International\/wp-json\/wp\/v2\/media?parent=155799"}],"wp:term":[{"taxonomy":"category","embeddable":true,"href":"https:\/\/linitiative.ca\/International\/wp-json\/wp\/v2\/categories?post=155799"},{"taxonomy":"post_tag","embeddable":true,"href":"https:\/\/linitiative.ca\/International\/wp-json\/wp\/v2\/tags?post=155799"}],"curies":[{"name":"wp","href":"https:\/\/api.w.org\/{rel}","templated":true}]}}