{"id":155861,"date":"2022-08-26T10:44:00","date_gmt":"2022-08-26T14:44:00","guid":{"rendered":"https:\/\/linitiative.ca\/International\/tunisie-telecom-au-service-de-linnovation-partenaire-de-la-conference-internationale-de-tokyo-sur-le-developpement-de-lafrique-ticad-8\/"},"modified":"2022-08-26T10:44:00","modified_gmt":"2022-08-26T14:44:00","slug":"tunisie-telecom-au-service-de-linnovation-partenaire-de-la-conference-internationale-de-tokyo-sur-le-developpement-de-lafrique-ticad-8","status":"publish","type":"post","link":"https:\/\/linitiative.ca\/International\/tunisie-telecom-au-service-de-linnovation-partenaire-de-la-conference-internationale-de-tokyo-sur-le-developpement-de-lafrique-ticad-8\/","title":{"rendered":"Tunisie T\u00e9l\u00e9com au service de l\u2019innovation: Partenaire de la Conf\u00e9rence internationale de Tokyo sur le d\u00e9veloppement de l\u2019Afrique (TICAD 8)"},"content":{"rendered":"<div><img decoding=\"async\" src=\"https:\/\/linitiative.ca\/International\/wp-content\/uploads\/sites\/23\/2022\/08\/1661521616_article.jpg\" alt=\"Tunisie T\u00e9l\u00e9com au service de l\u2019innovation: Partenaire de la Conf\u00e9rence internationale de Tokyo sur le d\u00e9veloppement de l\u2019Afrique (TICAD 8)\" align=\"left\">Tunisie T\u00e9l\u00e9com fid\u00e8le \u00e0 son engagement \u00e0 la facilitation de l\u2019innovation en Tunisie, et en tant que premier partenaire des entreprises innovantes, marque sa pr\u00e9sence par la participation active \u00e0 la huiti\u00e8me \u00e9dition de la Conf\u00e9rence internationale de Tokyo sur le d\u00e9veloppement de l\u2019Afrique (TICAD), qui se tient \u00e0 Tunis les 27 et 28 Ao\u00fbt 2022.<br \/>\nUne conf\u00e9rence \u00e9conomique qui regroupera pr\u00e8s de 300 entreprises japonaises, africaines et tunisiennes, qui participeront \u00e0 10 activit\u00e9s parall\u00e8les (conf\u00e9rences et ateliers) dans diff\u00e9rents domaines.<br \/>\nPr\u00e8s de 81 projets d\u2019investissement d\u2019une valeur de 2,7 milliards de dollars, seront pr\u00e9sent\u00e9s par le secteur priv\u00e9 &#8230;<\/p>\n<\/div>\n<p>Auteur:<br \/>\n<a href=\"https:\/\/www.leaders.com.tn\/article\/33748-tunisie-telecom-au-service-de-l-innovation-partenaire-de-la-conference-internationale-de-tokyo-sur-le-developpement-de-l-afrique-ticad-8\">Cliquez ici pour lire l&rsquo;article depuis sa source.<\/a><\/p>\n","protected":false},"excerpt":{"rendered":"<p>Tunisie T\u00e9l\u00e9com fid\u00e8le \u00e0 son engagement \u00e0 la facilitation de l\u2019innovation en Tunisie, et en tant que premier partenaire des entreprises innovantes, marque sa pr\u00e9sence par la participation active \u00e0 la huiti\u00e8me \u00e9dition de la Conf\u00e9rence internationale de Tokyo sur le d\u00e9veloppement de l\u2019Afrique (TICAD), qui se tient \u00e0 Tunis les 27 et 28 Ao\u00fbt [&hellip;]<\/p>\n","protected":false},"author":1772,"featured_media":0,"comment_status":"closed","ping_status":"closed","sticky":false,"template":"","format":"standard","meta":{"fifu_image_url":"http:\/\/www.leaders.com.tn\/uploads\/content\/thumbnails_small\/1661521616_article.jpg","fifu_image_alt":"Tunisie T\u00e9l\u00e9com au service de l\u2019innovation: Partenaire de la Conf\u00e9rence internationale de Tokyo sur le d\u00e9veloppement de l\u2019Afrique (TICAD 8)","footnotes":""},"categories":[73,55],"tags":[],"class_list":["post-155861","post","type-post","status-publish","format-standard","hentry","category-actualite","category-tunisie"],"_links":{"self":[{"href":"https:\/\/linitiative.ca\/International\/wp-json\/wp\/v2\/posts\/155861","targetHints":{"allow":["GET"]}}],"collection":[{"href":"https:\/\/linitiative.ca\/International\/wp-json\/wp\/v2\/posts"}],"about":[{"href":"https:\/\/linitiative.ca\/International\/wp-json\/wp\/v2\/types\/post"}],"author":[{"embeddable":true,"href":"https:\/\/linitiative.ca\/International\/wp-json\/wp\/v2\/users\/1772"}],"replies":[{"embeddable":true,"href":"https:\/\/linitiative.ca\/International\/wp-json\/wp\/v2\/comments?post=155861"}],"version-history":[{"count":0,"href":"https:\/\/linitiative.ca\/International\/wp-json\/wp\/v2\/posts\/155861\/revisions"}],"wp:attachment":[{"href":"https:\/\/linitiative.ca\/International\/wp-json\/wp\/v2\/media?parent=155861"}],"wp:term":[{"taxonomy":"category","embeddable":true,"href":"https:\/\/linitiative.ca\/International\/wp-json\/wp\/v2\/categories?post=155861"},{"taxonomy":"post_tag","embeddable":true,"href":"https:\/\/linitiative.ca\/International\/wp-json\/wp\/v2\/tags?post=155861"}],"curies":[{"name":"wp","href":"https:\/\/api.w.org\/{rel}","templated":true}]}}