{"id":155863,"date":"2022-08-26T13:45:00","date_gmt":"2022-08-26T17:45:00","guid":{"rendered":"https:\/\/linitiative.ca\/International\/le-pr-mustapha-ferjani-nomme-ministre-conseiller-aupres-du-president-de-la-republique\/"},"modified":"2022-08-26T13:45:00","modified_gmt":"2022-08-26T17:45:00","slug":"le-pr-mustapha-ferjani-nomme-ministre-conseiller-aupres-du-president-de-la-republique","status":"publish","type":"post","link":"https:\/\/linitiative.ca\/International\/le-pr-mustapha-ferjani-nomme-ministre-conseiller-aupres-du-president-de-la-republique\/","title":{"rendered":"Le Pr Mustapha Ferjani nomm\u00e9 ministre conseiller aupr\u00e8s du Pr\u00e9sident de la R\u00e9publique"},"content":{"rendered":"<div><img decoding=\"async\" src=\"https:\/\/linitiative.ca\/International\/wp-content\/uploads\/sites\/23\/2022\/08\/1661533643_article.jpg\" alt=\"Le Pr Mustapha Ferjani nomm\u00e9 ministre conseiller aupr\u00e8s du Pr\u00e9sident de la R\u00e9publique\" align=\"left\">Le M\u00e9decin G\u00e9n\u00e9ral de division, Mustapha Ferjani, professeur universitaire en m\u00e9decine, et directeur g\u00e9n\u00e9ral de la sant\u00e9 militaire a \u00e9t\u00e9 nomm\u00e9 ministre conseiller aupr\u00e8s du Pr\u00e9sident de la R\u00e9publique. Il conserve sa position comme chef de service de la r\u00e9animation \u00e0 l\u2019h\u00f4pital militaire principal d\u2019instruction de Tunis.<br \/>\nN\u00e9 \u00e0 Tunis le 1er janvier 1961, le Pr Ferjani avait obtenu son baccalaur\u00e9at, section maths, au lyc\u00e9e Sadiki en 1980 et son doctorat en m\u00e9decine en 1987. Il avait \u00e9t\u00e9 nomm\u00e9 professeur agr\u00e9g\u00e9 en anesth\u00e9sie-r\u00e9animation en 2022 et chef de service \u00e0 l\u2019h\u00f4pital militaire de Tunis, en 2003. En 2017, le Pr Ferjani a \u00e9t\u00e9 nomm\u00e9 directeur g\u00e9n\u00e9ral &#8230;<\/p>\n<\/div>\n<p>Auteur:<br \/>\n<a href=\"https:\/\/www.leaders.com.tn\/article\/33749-le-pr-mustapha-ferjani-nomme-ministre-conseiller-aupres-du-president-de-la-republique\">Cliquez ici pour lire l&rsquo;article depuis sa source.<\/a><\/p>\n","protected":false},"excerpt":{"rendered":"<p>Le M\u00e9decin G\u00e9n\u00e9ral de division, Mustapha Ferjani, professeur universitaire en m\u00e9decine, et directeur g\u00e9n\u00e9ral de la sant\u00e9 militaire a \u00e9t\u00e9 nomm\u00e9 ministre conseiller aupr\u00e8s du Pr\u00e9sident de la R\u00e9publique. Il conserve sa position comme chef de service de la r\u00e9animation \u00e0 l\u2019h\u00f4pital militaire principal d\u2019instruction de Tunis. N\u00e9 \u00e0 Tunis le 1er janvier 1961, le [&hellip;]<\/p>\n","protected":false},"author":1772,"featured_media":0,"comment_status":"closed","ping_status":"closed","sticky":false,"template":"","format":"standard","meta":{"fifu_image_url":"http:\/\/www.leaders.com.tn\/uploads\/content\/thumbnails_small\/1661533643_article.jpg","fifu_image_alt":"Le Pr Mustapha Ferjani nomm\u00e9 ministre conseiller aupr\u00e8s du Pr\u00e9sident de la R\u00e9publique","footnotes":""},"categories":[73,55],"tags":[],"class_list":["post-155863","post","type-post","status-publish","format-standard","hentry","category-actualite","category-tunisie"],"_links":{"self":[{"href":"https:\/\/linitiative.ca\/International\/wp-json\/wp\/v2\/posts\/155863","targetHints":{"allow":["GET"]}}],"collection":[{"href":"https:\/\/linitiative.ca\/International\/wp-json\/wp\/v2\/posts"}],"about":[{"href":"https:\/\/linitiative.ca\/International\/wp-json\/wp\/v2\/types\/post"}],"author":[{"embeddable":true,"href":"https:\/\/linitiative.ca\/International\/wp-json\/wp\/v2\/users\/1772"}],"replies":[{"embeddable":true,"href":"https:\/\/linitiative.ca\/International\/wp-json\/wp\/v2\/comments?post=155863"}],"version-history":[{"count":0,"href":"https:\/\/linitiative.ca\/International\/wp-json\/wp\/v2\/posts\/155863\/revisions"}],"wp:attachment":[{"href":"https:\/\/linitiative.ca\/International\/wp-json\/wp\/v2\/media?parent=155863"}],"wp:term":[{"taxonomy":"category","embeddable":true,"href":"https:\/\/linitiative.ca\/International\/wp-json\/wp\/v2\/categories?post=155863"},{"taxonomy":"post_tag","embeddable":true,"href":"https:\/\/linitiative.ca\/International\/wp-json\/wp\/v2\/tags?post=155863"}],"curies":[{"name":"wp","href":"https:\/\/api.w.org\/{rel}","templated":true}]}}