{"id":15588,"date":"2019-02-19T12:34:00","date_gmt":"2019-02-19T17:34:00","guid":{"rendered":"https:\/\/linitiative.ca\/International\/setif-une-fille-de-8-ans-violee-par-son-instituteur\/"},"modified":"2019-02-19T12:34:00","modified_gmt":"2019-02-19T17:34:00","slug":"setif-une-fille-de-8-ans-violee-par-son-instituteur","status":"publish","type":"post","link":"https:\/\/linitiative.ca\/International\/setif-une-fille-de-8-ans-violee-par-son-instituteur\/","title":{"rendered":"SETIF : Une fille de 8 ans viol\u00e9e par son instituteur"},"content":{"rendered":"<p><br id=\"sep_para_1\" class=\"sep_para access\"\/><\/p>\n<div id=\"para_1\" class=\"para_29308627 resize\">\n<div class=\"texte access firstletter\">Pour le viol d\u2019une \u00e9coli\u00e8re de 8 ans, un instituteur de l\u2019\u00e9cole primaire Mahrougui-El-Haouas dans la wilaya de S\u00e9tif a \u00e9t\u00e9 arr\u00eat\u00e9, ce\u00a0 dimanche 17 f\u00e9vrier, a-t-on appris de sources concordantes. En effet, la m\u00e8re de la petite avait remarqu\u00e9 des troubles dans le comportement de sa fille, \u00e2g\u00e9e de 8 ans. Soucieuse de son \u00e9tat, elle l\u2019aurait interrog\u00e9e pendant plusieurs heures, jusqu\u2019\u00e0 arriver \u00e0 lui faire avouer que son instituteur l\u2019avait viol\u00e9e. Le crime se serait pass\u00e9 durant des s\u00e9ances de rattrapage donn\u00e9es par l\u2019instituteur \u00e0 ses \u00e9l\u00e8ves, rapporte l\u2019oncle de la victime, interrog\u00e9 par la cha\u00eene de t\u00e9l\u00e9vision priv\u00e9e. Les parents se sont alors adress\u00e9s \u00e0 une maternit\u00e9 pour valider les dires de leur enfant. \u00c0 la suite d\u2019un examen clinique, le m\u00e9decin a conclu que la petite \u00e9coli\u00e8re de 8 ans avait bien \u00e9t\u00e9 victime d\u2019un viol. Le p\u00e8re de la victime a alors saisi la justice et l\u2019enseignant a \u00e9t\u00e9 interpel\u00e9 dans l\u2019enceinte de l\u2019\u00e9cole ce\u00a0 dimanche. Il sera traduit devant le juge dans les jours \u00e0 venir.\u00a0<\/div>\n<\/div>\n<p>Auteur: Nadine<br \/>\n<a href=\"https:\/\/www.reflexiondz.net\/SETIF-Une-fille-de-8-ans-violee-par-son-instituteur_a54593.html\">Cliquez ici pour lire l&rsquo;article depuis sa source.<\/a><\/p>\n","protected":false},"excerpt":{"rendered":"<p>Pour le viol d\u2019une \u00e9coli\u00e8re de 8 ans, un instituteur de l\u2019\u00e9cole primaire Mahrougui-El-Haouas dans la wilaya de S\u00e9tif a \u00e9t\u00e9 arr\u00eat\u00e9, ce\u00a0 dimanche 17 f\u00e9vrier, a-t-on appris de sources concordantes. En effet, la m\u00e8re de la petite avait remarqu\u00e9 des troubles dans le comportement de sa fille, \u00e2g\u00e9e de 8 ans. Soucieuse de son [&hellip;]<\/p>\n","protected":false},"author":1740,"featured_media":0,"comment_status":"closed","ping_status":"closed","sticky":false,"template":"","format":"standard","meta":{"fifu_image_url":"","fifu_image_alt":"","footnotes":""},"categories":[53,76],"tags":[],"class_list":["post-15588","post","type-post","status-publish","format-standard","hentry","category-algerie","category-regions"],"_links":{"self":[{"href":"https:\/\/linitiative.ca\/International\/wp-json\/wp\/v2\/posts\/15588","targetHints":{"allow":["GET"]}}],"collection":[{"href":"https:\/\/linitiative.ca\/International\/wp-json\/wp\/v2\/posts"}],"about":[{"href":"https:\/\/linitiative.ca\/International\/wp-json\/wp\/v2\/types\/post"}],"author":[{"embeddable":true,"href":"https:\/\/linitiative.ca\/International\/wp-json\/wp\/v2\/users\/1740"}],"replies":[{"embeddable":true,"href":"https:\/\/linitiative.ca\/International\/wp-json\/wp\/v2\/comments?post=15588"}],"version-history":[{"count":0,"href":"https:\/\/linitiative.ca\/International\/wp-json\/wp\/v2\/posts\/15588\/revisions"}],"wp:attachment":[{"href":"https:\/\/linitiative.ca\/International\/wp-json\/wp\/v2\/media?parent=15588"}],"wp:term":[{"taxonomy":"category","embeddable":true,"href":"https:\/\/linitiative.ca\/International\/wp-json\/wp\/v2\/categories?post=15588"},{"taxonomy":"post_tag","embeddable":true,"href":"https:\/\/linitiative.ca\/International\/wp-json\/wp\/v2\/tags?post=15588"}],"curies":[{"name":"wp","href":"https:\/\/api.w.org\/{rel}","templated":true}]}}