{"id":155881,"date":"2022-08-26T13:16:13","date_gmt":"2022-08-26T17:16:13","guid":{"rendered":"https:\/\/linitiative.ca\/International\/inondation-de-la-rn1-le-troncon-boromo-pa-est-rouvert-a-la-circulation\/"},"modified":"2022-08-26T13:16:13","modified_gmt":"2022-08-26T17:16:13","slug":"inondation-de-la-rn1-le-troncon-boromo-pa-est-rouvert-a-la-circulation","status":"publish","type":"post","link":"https:\/\/linitiative.ca\/International\/inondation-de-la-rn1-le-troncon-boromo-pa-est-rouvert-a-la-circulation\/","title":{"rendered":"Inondation de la RN1 : le tron\u00e7on Boromo-P\u00e2 est rouvert \u00e0 la circulation"},"content":{"rendered":"<div>\n<p>Un communiqu\u00e9 du gouverneur de la r\u00e9gion de la Boucle du Mouhoun informe les usagers de la route nationale num\u00e9ro 1 (RN1) reliant Ouagadougou et Bobo-Dioulasso que la voie, ferm\u00e9e aux usagers sur le tron\u00e7on Boromo-P\u00e2 depuis le dimanche 21 ao\u00fbt 2022 est rouverte \u00e0 la circulation ce vendredi.<\/p>\n<p>De forte pluies avait provoqu\u00e9 une mont\u00e9e des eaux qui ont litt\u00e9ralement submerg\u00e9 la chauss\u00e9e la rendant impraticable sur une distance d\u2019\u00e0 peu pr\u00e8s 3 km.<\/p>\n<p>Le gouverneur avait alors pris un arr\u00eat\u00e9, le dimanche 21 ao\u00fbt pour interdire la circulation sur le tron\u00e7on Boromo-P\u00e2, obligeant les usagers \u00e0 faire le d\u00e9tour D\u00e9dougou-Koudougou.<\/p>\n<p>Le ministre en charges des Infrastructures, Charles Josaphat Zoungrana a expliqu\u00e9 \u00e0 l\u2019issue du Conseil des ministres du mercredi 24 ao\u00fbt que la solution \u00e0 ce probl\u00e8me ne peut \u00eatre envisag\u00e9e qu\u2019au sortir de la saison des pluies.<\/p>\n<p><strong>Hubert Bado<\/strong><\/p>\n<p><strong>Sidwaya.info<\/strong><\/p>\n<\/div>\n<p>Auteur: Wamini SIDWAYA<br \/>\n<a href=\"https:\/\/www.sidwaya.info\/blog\/2022\/08\/26\/inondation-de-la-rn1-le-troncon-boromo-pa-est-rouvert-a-la-circulation\/\">Cliquez ici pour lire l&rsquo;article depuis sa source.<\/a><\/p>\n","protected":false},"excerpt":{"rendered":"<p>Un communiqu\u00e9 du gouverneur de la r\u00e9gion de la Boucle du Mouhoun informe les usagers de la route nationale num\u00e9ro 1 (RN1) reliant Ouagadougou et Bobo-Dioulasso que la voie, ferm\u00e9e aux usagers sur le tron\u00e7on Boromo-P\u00e2 depuis le dimanche 21 ao\u00fbt 2022 est rouverte \u00e0 la circulation ce vendredi. De forte pluies avait provoqu\u00e9 une [&hellip;]<\/p>\n","protected":false},"author":1816,"featured_media":0,"comment_status":"closed","ping_status":"closed","sticky":false,"template":"","format":"standard","meta":{"fifu_image_url":"","fifu_image_alt":"","footnotes":""},"categories":[73,81],"tags":[],"class_list":["post-155881","post","type-post","status-publish","format-standard","hentry","category-actualite","category-burkina-faso"],"_links":{"self":[{"href":"https:\/\/linitiative.ca\/International\/wp-json\/wp\/v2\/posts\/155881","targetHints":{"allow":["GET"]}}],"collection":[{"href":"https:\/\/linitiative.ca\/International\/wp-json\/wp\/v2\/posts"}],"about":[{"href":"https:\/\/linitiative.ca\/International\/wp-json\/wp\/v2\/types\/post"}],"author":[{"embeddable":true,"href":"https:\/\/linitiative.ca\/International\/wp-json\/wp\/v2\/users\/1816"}],"replies":[{"embeddable":true,"href":"https:\/\/linitiative.ca\/International\/wp-json\/wp\/v2\/comments?post=155881"}],"version-history":[{"count":0,"href":"https:\/\/linitiative.ca\/International\/wp-json\/wp\/v2\/posts\/155881\/revisions"}],"wp:attachment":[{"href":"https:\/\/linitiative.ca\/International\/wp-json\/wp\/v2\/media?parent=155881"}],"wp:term":[{"taxonomy":"category","embeddable":true,"href":"https:\/\/linitiative.ca\/International\/wp-json\/wp\/v2\/categories?post=155881"},{"taxonomy":"post_tag","embeddable":true,"href":"https:\/\/linitiative.ca\/International\/wp-json\/wp\/v2\/tags?post=155881"}],"curies":[{"name":"wp","href":"https:\/\/api.w.org\/{rel}","templated":true}]}}