{"id":155887,"date":"2022-08-26T13:18:03","date_gmt":"2022-08-26T17:18:03","guid":{"rendered":"https:\/\/linitiative.ca\/International\/guerre-en-ukraine-lafrique-du-sud-reaffirme-sa-position\/"},"modified":"2022-08-26T13:18:03","modified_gmt":"2022-08-26T17:18:03","slug":"guerre-en-ukraine-lafrique-du-sud-reaffirme-sa-position","status":"publish","type":"post","link":"https:\/\/linitiative.ca\/International\/guerre-en-ukraine-lafrique-du-sud-reaffirme-sa-position\/","title":{"rendered":"Guerre en Ukraine : l\u2019Afrique du Sud r\u00e9affirme sa position"},"content":{"rendered":"<div>\n<p><img decoding=\"async\" width=\"1024\" height=\"695\" src=\"https:\/\/linitiative.ca\/International\/wp-content\/uploads\/sites\/23\/2022\/08\/16615342836591.jpg\" class=\"attachment-post-thumbnail size-post-thumbnail wp-post-image\" alt=\"\" loading=\"lazy\" srcset=\"https:\/\/linitiative.ca\/International\/wp-content\/uploads\/sites\/23\/2022\/08\/16615342836591.jpg 1024w, https:\/\/www.journalducameroun.com\/wp-content\/uploads\/2022\/08\/16615342836591-300x204.jpg 300w, https:\/\/www.journalducameroun.com\/wp-content\/uploads\/2022\/08\/16615342836591-768x521.jpg 768w, https:\/\/www.journalducameroun.com\/wp-content\/uploads\/2022\/08\/16615342836591-648x440.jpg 648w, https:\/\/www.journalducameroun.com\/wp-content\/uploads\/2022\/08\/16615342836591-600x407.jpg 600w\" sizes=\"auto, (max-width: 1024px) 100vw, 1024px\"><\/p>\n<p>Accus\u00e9 d&rsquo;\u00eatre neutre dans le conflit opposant l&rsquo;Ukraine \u00e0 la Russie, Pretoria r\u00e9it\u00e8re sa d\u00e9testation de la guerre.C&rsquo;est Naledi Pandor, ministre des Relations internationales et de la Coop\u00e9ration, qui est mont\u00e9e au cr\u00e9neau pour \u00e9carter la th\u00e8se de la neutralit\u00e9 de l&rsquo;Afrique du Sud dans le conflit ukrainien notamment entretenue par des opposants politiques dans la nation arc-en-ciel.<\/p>\n<p>\u00ab Nous ne sommes pas neutres. Nous d\u00e9testons la guerre. Nous pensons qu&rsquo;elle\u00a0fait beaucoup de mal.\u00a0Nous ne soutenons pas l&rsquo;invasion d&rsquo;un pays par\u00a0un autre\u00a0\u00bb, a d\u00e9clar\u00e9 Naledi Pandor hier jeudi lors d&rsquo;une session de questions-r\u00e9ponses au Conseil national des provinces.<\/p>\n<p>Selon la ministre sud-africaine des Relations internationales et de la Coop\u00e9ration, son pays a toujours \u00e9t\u00e9 \u00ab clair \u00bb au sujet de la guerre entre la Russie et l&rsquo;Ukraine : \u00ab Nous pensons qu&rsquo;il devrait y avoir des n\u00e9gociations. Nous pensons que les Nations\u00a0Unies doivent jouer un r\u00f4le cl\u00e9 dans un tel processus.\u00a0Ce n&rsquo;est pas de la neutralit\u00e9 \u00bb.<\/p>\n<p>Le conflit ukrainien est entr\u00e9 dans son 6e mois. Les troupes russes ont lanc\u00e9 les hostilit\u00e9s aux premi\u00e8res heures du 24 f\u00e9vrier dernier.<\/p>\n<p>Cet article <a rel=\"nofollow\" href=\"https:\/\/www.journalducameroun.com\/guerre-en-ukraine-lafrique-du-sud-reaffirme-sa-position\/\">Guerre en Ukraine : l\u2019Afrique du Sud r\u00e9affirme sa position<\/a> est apparu en premier sur <a rel=\"nofollow\" href=\"https:\/\/www.journalducameroun.com\/\">Journal du Cameroun<\/a>.<\/p>\n<\/div>\n<p>Auteur: APA News<br \/>\n<a href=\"https:\/\/www.journalducameroun.com\/guerre-en-ukraine-lafrique-du-sud-reaffirme-sa-position\/\">Cliquez ici pour lire l&rsquo;article depuis sa source.<\/a><\/p>\n","protected":false},"excerpt":{"rendered":"<p>Accus\u00e9 d&rsquo;\u00eatre neutre dans le conflit opposant l&rsquo;Ukraine \u00e0 la Russie, Pretoria r\u00e9it\u00e8re sa d\u00e9testation de la guerre.C&rsquo;est Naledi Pandor, ministre des Relations internationales et de la Coop\u00e9ration, qui est mont\u00e9e au cr\u00e9neau pour \u00e9carter la th\u00e8se de la neutralit\u00e9 de l&rsquo;Afrique du Sud dans le conflit ukrainien notamment entretenue par des opposants politiques dans [&hellip;]<\/p>\n","protected":false},"author":1965,"featured_media":0,"comment_status":"closed","ping_status":"closed","sticky":false,"template":"","format":"standard","meta":{"fifu_image_url":"https:\/\/www.journalducameroun.com\/wp-content\/uploads\/2022\/08\/16615342836591.jpg","fifu_image_alt":"Guerre en Ukraine : l\u2019Afrique du Sud r\u00e9affirme sa position","footnotes":""},"categories":[73,82],"tags":[],"class_list":["post-155887","post","type-post","status-publish","format-standard","hentry","category-actualite","category-cameroun"],"_links":{"self":[{"href":"https:\/\/linitiative.ca\/International\/wp-json\/wp\/v2\/posts\/155887","targetHints":{"allow":["GET"]}}],"collection":[{"href":"https:\/\/linitiative.ca\/International\/wp-json\/wp\/v2\/posts"}],"about":[{"href":"https:\/\/linitiative.ca\/International\/wp-json\/wp\/v2\/types\/post"}],"author":[{"embeddable":true,"href":"https:\/\/linitiative.ca\/International\/wp-json\/wp\/v2\/users\/1965"}],"replies":[{"embeddable":true,"href":"https:\/\/linitiative.ca\/International\/wp-json\/wp\/v2\/comments?post=155887"}],"version-history":[{"count":0,"href":"https:\/\/linitiative.ca\/International\/wp-json\/wp\/v2\/posts\/155887\/revisions"}],"wp:attachment":[{"href":"https:\/\/linitiative.ca\/International\/wp-json\/wp\/v2\/media?parent=155887"}],"wp:term":[{"taxonomy":"category","embeddable":true,"href":"https:\/\/linitiative.ca\/International\/wp-json\/wp\/v2\/categories?post=155887"},{"taxonomy":"post_tag","embeddable":true,"href":"https:\/\/linitiative.ca\/International\/wp-json\/wp\/v2\/tags?post=155887"}],"curies":[{"name":"wp","href":"https:\/\/api.w.org\/{rel}","templated":true}]}}