{"id":155889,"date":"2022-08-26T13:18:04","date_gmt":"2022-08-26T17:18:04","guid":{"rendered":"https:\/\/linitiative.ca\/International\/conflit-au-tigre-le-patron-de-loms-se-desole-de-la-reprise-des-hostilites\/"},"modified":"2022-08-26T13:18:04","modified_gmt":"2022-08-26T17:18:04","slug":"conflit-au-tigre-le-patron-de-loms-se-desole-de-la-reprise-des-hostilites","status":"publish","type":"post","link":"https:\/\/linitiative.ca\/International\/conflit-au-tigre-le-patron-de-loms-se-desole-de-la-reprise-des-hostilites\/","title":{"rendered":"Conflit au Tigr\u00e9 : le patron de l\u2019OMS se d\u00e9sole de la reprise des hostilit\u00e9s"},"content":{"rendered":"<div>\n<p><img decoding=\"async\" width=\"1200\" height=\"1200\" src=\"https:\/\/linitiative.ca\/International\/wp-content\/uploads\/sites\/23\/2022\/08\/16615342842924.jpg\" class=\"attachment-post-thumbnail size-post-thumbnail wp-post-image\" alt=\"\" loading=\"lazy\" srcset=\"https:\/\/linitiative.ca\/International\/wp-content\/uploads\/sites\/23\/2022\/08\/16615342842924.jpg 1200w, https:\/\/www.journalducameroun.com\/wp-content\/uploads\/2022\/08\/16615342842924-300x300.jpg 300w, https:\/\/www.journalducameroun.com\/wp-content\/uploads\/2022\/08\/16615342842924-1024x1024.jpg 1024w, https:\/\/www.journalducameroun.com\/wp-content\/uploads\/2022\/08\/16615342842924-150x150.jpg 150w, https:\/\/www.journalducameroun.com\/wp-content\/uploads\/2022\/08\/16615342842924-768x768.jpg 768w, https:\/\/www.journalducameroun.com\/wp-content\/uploads\/2022\/08\/16615342842924-440x440.jpg 440w, https:\/\/www.journalducameroun.com\/wp-content\/uploads\/2022\/08\/16615342842924-60x60.jpg 60w, https:\/\/www.journalducameroun.com\/wp-content\/uploads\/2022\/08\/16615342842924-100x100.jpg 100w, https:\/\/www.journalducameroun.com\/wp-content\/uploads\/2022\/08\/16615342842924-600x600.jpg 600w\" sizes=\"auto, (max-width: 1200px) 100vw, 1200px\"><\/p>\n<p>Dr Tedros Ghebreyesus regrette l&rsquo;apathie de la communaut\u00e9 internationale face \u00e0 la guerre dans son pays.Originaire du Tigr\u00e9, Dr Tedros Ghebreyesus n&rsquo;en peut plus de rester sans nouvelles de certains de ses proches. Dans un entretien avec des journalistes, le Directeur G\u00e9n\u00e9ral de l&rsquo;Organisation Mondiale de la Sant\u00e9 (OMS) a affirm\u00e9 que ses tentatives d&rsquo;envoyer de l&rsquo;argent \u00e0 des membres de sa famille ont \u00e9chou\u00e9 dans une r\u00e9gion quasiment coup\u00e9e du reste du monde.<\/p>\n<p>Addis-Abeba nie avoir sabot\u00e9 les lignes de communication et rejette la faute aux rebelles du Front de lib\u00e9ration du peuple de Tigr\u00e9 (TPLF). En tout cas, l&rsquo;ancien ministre de la Sant\u00e9 et des Affaires \u00e9trang\u00e8res de l&rsquo;\u00c9thiopie ne sait pas si certains de ses proches sont morts ou toujours vivants depuis l&rsquo;\u00e9clatement du conflit en novembre 2020.<\/p>\n<p>\u00ab Malade d&rsquo;inqui\u00e9tude \u00bb, Dr Tedros Ghebreyesus l&rsquo;est d&rsquo;autant plus que les combats ont repris de plus belle apr\u00e8s une tr\u00eave conclue en mars dernier. C&rsquo;est la raison pour laquelle il ne comprend pas pourquoi la communaut\u00e9 internationale n&rsquo;agit pas alors que son pays est ravag\u00e9.<\/p>\n<p>Pourtant, la guerre en Ukraine b\u00e9n\u00e9ficie d&rsquo;une attention toute particuli\u00e8re. La raison de cette indiff\u00e9rence \u00ab\u00a0est peut-\u00eatre la couleur de la peau des habitants du Tigr\u00e9 \u00bb, a d\u00e9clar\u00e9 le patron de l&rsquo;OMS. Dr Tedros Ghebreyesus a \u00e9t\u00e9 accus\u00e9 de soutenir les rebelles du TPLF en achetant des armes. Une all\u00e9gation qu&rsquo;il continue de nier en bloc.<\/p>\n<p>Cet article <a rel=\"nofollow\" href=\"https:\/\/www.journalducameroun.com\/conflit-au-tigre-le-patron-de-loms-se-desole-de-la-reprise-des-hostilites\/\">Conflit au Tigr\u00e9 : le patron de l\u2019OMS se d\u00e9sole de la reprise des hostilit\u00e9s<\/a> est apparu en premier sur <a rel=\"nofollow\" href=\"https:\/\/www.journalducameroun.com\/\">Journal du Cameroun<\/a>.<\/p>\n<\/div>\n<p>Auteur: APA News<br \/>\n<a href=\"https:\/\/www.journalducameroun.com\/conflit-au-tigre-le-patron-de-loms-se-desole-de-la-reprise-des-hostilites\/\">Cliquez ici pour lire l&rsquo;article depuis sa source.<\/a><\/p>\n","protected":false},"excerpt":{"rendered":"<p>Dr Tedros Ghebreyesus regrette l&rsquo;apathie de la communaut\u00e9 internationale face \u00e0 la guerre dans son pays.Originaire du Tigr\u00e9, Dr Tedros Ghebreyesus n&rsquo;en peut plus de rester sans nouvelles de certains de ses proches. Dans un entretien avec des journalistes, le Directeur G\u00e9n\u00e9ral de l&rsquo;Organisation Mondiale de la Sant\u00e9 (OMS) a affirm\u00e9 que ses tentatives d&rsquo;envoyer [&hellip;]<\/p>\n","protected":false},"author":1965,"featured_media":0,"comment_status":"closed","ping_status":"closed","sticky":false,"template":"","format":"standard","meta":{"fifu_image_url":"https:\/\/www.journalducameroun.com\/wp-content\/uploads\/2022\/08\/16615342842924.jpg","fifu_image_alt":"Conflit au Tigr\u00e9 : le patron de l\u2019OMS se d\u00e9sole de la reprise des hostilit\u00e9s","footnotes":""},"categories":[73,82],"tags":[],"class_list":["post-155889","post","type-post","status-publish","format-standard","hentry","category-actualite","category-cameroun"],"_links":{"self":[{"href":"https:\/\/linitiative.ca\/International\/wp-json\/wp\/v2\/posts\/155889","targetHints":{"allow":["GET"]}}],"collection":[{"href":"https:\/\/linitiative.ca\/International\/wp-json\/wp\/v2\/posts"}],"about":[{"href":"https:\/\/linitiative.ca\/International\/wp-json\/wp\/v2\/types\/post"}],"author":[{"embeddable":true,"href":"https:\/\/linitiative.ca\/International\/wp-json\/wp\/v2\/users\/1965"}],"replies":[{"embeddable":true,"href":"https:\/\/linitiative.ca\/International\/wp-json\/wp\/v2\/comments?post=155889"}],"version-history":[{"count":0,"href":"https:\/\/linitiative.ca\/International\/wp-json\/wp\/v2\/posts\/155889\/revisions"}],"wp:attachment":[{"href":"https:\/\/linitiative.ca\/International\/wp-json\/wp\/v2\/media?parent=155889"}],"wp:term":[{"taxonomy":"category","embeddable":true,"href":"https:\/\/linitiative.ca\/International\/wp-json\/wp\/v2\/categories?post=155889"},{"taxonomy":"post_tag","embeddable":true,"href":"https:\/\/linitiative.ca\/International\/wp-json\/wp\/v2\/tags?post=155889"}],"curies":[{"name":"wp","href":"https:\/\/api.w.org\/{rel}","templated":true}]}}