{"id":155891,"date":"2022-08-26T13:18:04","date_gmt":"2022-08-26T17:18:04","guid":{"rendered":"https:\/\/linitiative.ca\/International\/la-cote-divoire-accueille-agri-tech-tunisia-en-novembre\/"},"modified":"2022-08-26T13:18:04","modified_gmt":"2022-08-26T17:18:04","slug":"la-cote-divoire-accueille-agri-tech-tunisia-en-novembre","status":"publish","type":"post","link":"https:\/\/linitiative.ca\/International\/la-cote-divoire-accueille-agri-tech-tunisia-en-novembre\/","title":{"rendered":"La C\u00f4te d\u2019Ivoire accueille Agri-tech Tunisia en novembre"},"content":{"rendered":"<div>\n<p><img decoding=\"async\" width=\"1280\" height=\"1244\" src=\"https:\/\/linitiative.ca\/International\/wp-content\/uploads\/sites\/23\/2022\/08\/16615342848656.jpg\" class=\"attachment-post-thumbnail size-post-thumbnail wp-post-image\" alt=\"\" loading=\"lazy\" srcset=\"https:\/\/linitiative.ca\/International\/wp-content\/uploads\/sites\/23\/2022\/08\/16615342848656.jpg 1280w, https:\/\/www.journalducameroun.com\/wp-content\/uploads\/2022\/08\/16615342848656-300x292.jpg 300w, https:\/\/www.journalducameroun.com\/wp-content\/uploads\/2022\/08\/16615342848656-1024x995.jpg 1024w, https:\/\/www.journalducameroun.com\/wp-content\/uploads\/2022\/08\/16615342848656-768x746.jpg 768w, https:\/\/www.journalducameroun.com\/wp-content\/uploads\/2022\/08\/16615342848656-453x440.jpg 453w, https:\/\/www.journalducameroun.com\/wp-content\/uploads\/2022\/08\/16615342848656-600x583.jpg 600w\" sizes=\"auto, (max-width: 1280px) 100vw, 1280px\"><\/p>\n<p>La tenue de la \u00ab Semaine de l&rsquo;agri-tech tunisienne \u00bb en C\u00f4te d&rsquo;Ivoire est pr\u00e9vue du 21 au 25 novembre 2022.Apr\u00e8s le S\u00e9n\u00e9gal en mars 2022, la C\u00f4te d&rsquo;Ivoire va accueillir le 2e p\u00e9riple ouest-africain d&rsquo;Agri-tech Tunisia. Un projet qui a pour objectif le d\u00e9veloppement de partenariats durables entre les startups tunisiennes et les entreprises agricoles et agro-industrielles de la sous-r\u00e9gion.<\/p>\n<p>Il vise aussi \u00e0 accro\u00eetre la productivit\u00e9 agricole dans les pays cibles. Les activit\u00e9s principales sont le coaching et la formation des startups \u00e0 l&rsquo;exportation de leurs produits et services vers les pays de l&rsquo;Afrique de l&rsquo;Ouest, et l&rsquo;organisation de la \u00ab Semaine de l&rsquo;agri-tech tunisienne \u00bb.<\/p>\n<p>Selon Walid Gaddas, dont la structure met en oeuvre ce projet, la rencontre d&rsquo;Abidjan sera ponctu\u00e9e par des conf\u00e9rences sur la digitalisation de l&rsquo;agriculture ivoirienne et des rencontres avec des ministres.<\/p>\n<p>Cette initiative vise, par ailleurs, le d\u00e9veloppement de six startups de l&rsquo;agri-tech tunisienne \u00e0 l&rsquo;international en initiant des partenariats durables en C\u00f4te d&rsquo;Ivoire. Quelque 50 entreprises locales b\u00e9n\u00e9ficieront de solutions pour accro\u00eetre leur productivit\u00e9 et am\u00e9liorer leur comp\u00e9titivit\u00e9.<\/p>\n<p>Selon ses organisateurs, Agri-tech Tunisia se veut une opportunit\u00e9 en termes de cr\u00e9ation de valeurs ajout\u00e9es, de lutte contre le ch\u00f4mage, d&rsquo;adaptation au changement climatique et de renforcement de la s\u00e9curit\u00e9 alimentaire.<\/p>\n<p>Appuy\u00e9 par le programme INNOV&rsquo;I (programme d&rsquo;appui \u00e0 l&rsquo;\u00e9cosyst\u00e8me de l&rsquo;entrepreneuriat et de l&rsquo;innovation en Tunisie), le projet, financ\u00e9 par l&rsquo;Union europ\u00e9enne, est mis en \u0153uvre par Expertise France.<\/p>\n<p>Avec l&rsquo;entr\u00e9e en vigueur de la Zone de libre-\u00e9change continentale africaine (Zlecaf), l&rsquo;approche d&rsquo;Agri-tech Tunisia veut favoriser une meilleure int\u00e9gration sous-r\u00e9gionale \u00e0 travers une coop\u00e9ration Sud-Sud gagnante pour toutes les parties.<\/p>\n<p>Le projet aboutira \u00e0 la signature d&rsquo;accords commerciaux et des partenariats pour ancrer le positionnement des entreprises de l&rsquo;agri-tech. La C\u00f4te d&rsquo;Ivoire est un terreau fertile pour cette initiative, car le pays regorge de nombreuses fili\u00e8res agricoles (cacao, h\u00e9v\u00e9a, coton, huile de palme).<\/p>\n<p>Cet article <a rel=\"nofollow\" href=\"https:\/\/www.journalducameroun.com\/la-cote-divoire-accueille-agri-tech-tunisia-en-novembre\/\">La C\u00f4te d\u2019Ivoire accueille Agri-tech Tunisia en novembre<\/a> est apparu en premier sur <a rel=\"nofollow\" href=\"https:\/\/www.journalducameroun.com\/\">Journal du Cameroun<\/a>.<\/p>\n<\/div>\n<p>Auteur: APA News<br \/>\n<a href=\"https:\/\/www.journalducameroun.com\/la-cote-divoire-accueille-agri-tech-tunisia-en-novembre\/\">Cliquez ici pour lire l&rsquo;article depuis sa source.<\/a><\/p>\n","protected":false},"excerpt":{"rendered":"<p>La tenue de la \u00ab Semaine de l&rsquo;agri-tech tunisienne \u00bb en C\u00f4te d&rsquo;Ivoire est pr\u00e9vue du 21 au 25 novembre 2022.Apr\u00e8s le S\u00e9n\u00e9gal en mars 2022, la C\u00f4te d&rsquo;Ivoire va accueillir le 2e p\u00e9riple ouest-africain d&rsquo;Agri-tech Tunisia. Un projet qui a pour objectif le d\u00e9veloppement de partenariats durables entre les startups tunisiennes et les entreprises [&hellip;]<\/p>\n","protected":false},"author":1965,"featured_media":0,"comment_status":"closed","ping_status":"closed","sticky":false,"template":"","format":"standard","meta":{"fifu_image_url":"https:\/\/www.journalducameroun.com\/wp-content\/uploads\/2022\/08\/16615342848656.jpg","fifu_image_alt":"La C\u00f4te d\u2019Ivoire accueille Agri-tech Tunisia en novembre","footnotes":""},"categories":[73,82],"tags":[],"class_list":["post-155891","post","type-post","status-publish","format-standard","hentry","category-actualite","category-cameroun"],"_links":{"self":[{"href":"https:\/\/linitiative.ca\/International\/wp-json\/wp\/v2\/posts\/155891","targetHints":{"allow":["GET"]}}],"collection":[{"href":"https:\/\/linitiative.ca\/International\/wp-json\/wp\/v2\/posts"}],"about":[{"href":"https:\/\/linitiative.ca\/International\/wp-json\/wp\/v2\/types\/post"}],"author":[{"embeddable":true,"href":"https:\/\/linitiative.ca\/International\/wp-json\/wp\/v2\/users\/1965"}],"replies":[{"embeddable":true,"href":"https:\/\/linitiative.ca\/International\/wp-json\/wp\/v2\/comments?post=155891"}],"version-history":[{"count":0,"href":"https:\/\/linitiative.ca\/International\/wp-json\/wp\/v2\/posts\/155891\/revisions"}],"wp:attachment":[{"href":"https:\/\/linitiative.ca\/International\/wp-json\/wp\/v2\/media?parent=155891"}],"wp:term":[{"taxonomy":"category","embeddable":true,"href":"https:\/\/linitiative.ca\/International\/wp-json\/wp\/v2\/categories?post=155891"},{"taxonomy":"post_tag","embeddable":true,"href":"https:\/\/linitiative.ca\/International\/wp-json\/wp\/v2\/tags?post=155891"}],"curies":[{"name":"wp","href":"https:\/\/api.w.org\/{rel}","templated":true}]}}