{"id":15590,"date":"2019-02-19T12:34:00","date_gmt":"2019-02-19T17:34:00","guid":{"rendered":"https:\/\/linitiative.ca\/International\/opposition-ahmed-taleb-ibrahimi-favorable-a-une-candidature-unique\/"},"modified":"2019-02-19T12:34:00","modified_gmt":"2019-02-19T17:34:00","slug":"opposition-ahmed-taleb-ibrahimi-favorable-a-une-candidature-unique","status":"publish","type":"post","link":"https:\/\/linitiative.ca\/International\/opposition-ahmed-taleb-ibrahimi-favorable-a-une-candidature-unique\/","title":{"rendered":"OPPOSITION : Ahmed Taleb Ibrahimi favorable  \u00e0 une candidature unique"},"content":{"rendered":"<p><br id=\"sep_para_1\" class=\"sep_para access\"\/><\/p>\n<div id=\"para_1\" class=\"para_29308619 resize\">\n<div class=\"texte access firstletter\">Ahmed Taleb Ibrahimi a rencontr\u00e9, lundi 18 f\u00e9vrier, Abdallah Djaballah dans le cadre des efforts de ce dernier pour unir l\u2019opposition autour d\u2019un candidat unique. Dans une d\u00e9claration \u00e0 TSA Arabi, \u00e0 l\u2019issue de la rencontre, l\u2019ancien ministre des Affaires \u00e9trang\u00e8res s\u2019est dit pr\u00eat \u00e0 soutenir un candidat unique de l\u2019opposition. \u00ab J\u2019ai d\u00e9finitivement abandonn\u00e9 la politique en 2005. Aujourd\u2019hui, je m\u2019occupe de ma sant\u00e9 et rien d\u2019autre. Je ne fais que donner quelques conseils, c\u2019est tout. Je trouve positive l\u2019id\u00e9e d\u2019un candidat unique de l\u2019opposition \u00bb, a d\u00e9clar\u00e9 l\u2019ancien candidat \u00e0 l\u2019\u00e9lection pr\u00e9sidentielle de 1999. \u00ab S\u2019il y a un accord autour d\u2019un candidat, pourquoi pas ? \u00bb, a-t-il affirm\u00e9. Un sommet de l\u2019opposition est pr\u00e9vu, mercredi 20 f\u00e9vrier, au si\u00e8ge du parti El Adala \u00e0 Alger pour trancher la question de la d\u00e9signation d\u2019un candidat unique de l\u2019opposition pour affronter le pr\u00e9sident Abdelaziz Bouteflika en course pour un 5e mandat.\u00a0<\/div>\n<\/div>\n<p>Auteur: Ismain<br \/>\n<a href=\"https:\/\/www.reflexiondz.net\/OPPOSITION-Ahmed-Taleb-Ibrahimi-favorable-a-une-candidature-unique_a54591.html\">Cliquez ici pour lire l&rsquo;article depuis sa source.<\/a><\/p>\n","protected":false},"excerpt":{"rendered":"<p>Ahmed Taleb Ibrahimi a rencontr\u00e9, lundi 18 f\u00e9vrier, Abdallah Djaballah dans le cadre des efforts de ce dernier pour unir l\u2019opposition autour d\u2019un candidat unique. Dans une d\u00e9claration \u00e0 TSA Arabi, \u00e0 l\u2019issue de la rencontre, l\u2019ancien ministre des Affaires \u00e9trang\u00e8res s\u2019est dit pr\u00eat \u00e0 soutenir un candidat unique de l\u2019opposition. \u00ab J\u2019ai d\u00e9finitivement abandonn\u00e9 [&hellip;]<\/p>\n","protected":false},"author":1740,"featured_media":0,"comment_status":"closed","ping_status":"closed","sticky":false,"template":"","format":"standard","meta":{"fifu_image_url":"","fifu_image_alt":"","footnotes":""},"categories":[53,76],"tags":[],"class_list":["post-15590","post","type-post","status-publish","format-standard","hentry","category-algerie","category-regions"],"_links":{"self":[{"href":"https:\/\/linitiative.ca\/International\/wp-json\/wp\/v2\/posts\/15590","targetHints":{"allow":["GET"]}}],"collection":[{"href":"https:\/\/linitiative.ca\/International\/wp-json\/wp\/v2\/posts"}],"about":[{"href":"https:\/\/linitiative.ca\/International\/wp-json\/wp\/v2\/types\/post"}],"author":[{"embeddable":true,"href":"https:\/\/linitiative.ca\/International\/wp-json\/wp\/v2\/users\/1740"}],"replies":[{"embeddable":true,"href":"https:\/\/linitiative.ca\/International\/wp-json\/wp\/v2\/comments?post=15590"}],"version-history":[{"count":0,"href":"https:\/\/linitiative.ca\/International\/wp-json\/wp\/v2\/posts\/15590\/revisions"}],"wp:attachment":[{"href":"https:\/\/linitiative.ca\/International\/wp-json\/wp\/v2\/media?parent=15590"}],"wp:term":[{"taxonomy":"category","embeddable":true,"href":"https:\/\/linitiative.ca\/International\/wp-json\/wp\/v2\/categories?post=15590"},{"taxonomy":"post_tag","embeddable":true,"href":"https:\/\/linitiative.ca\/International\/wp-json\/wp\/v2\/tags?post=15590"}],"curies":[{"name":"wp","href":"https:\/\/api.w.org\/{rel}","templated":true}]}}