{"id":15591,"date":"2019-02-19T12:34:00","date_gmt":"2019-02-19T17:34:00","guid":{"rendered":"https:\/\/linitiative.ca\/International\/tentatives-datteinte-a-la-stabilite-du-pays-le-mdn-appelle-les-algeriens-a-la-vigilance\/"},"modified":"2019-02-19T12:34:00","modified_gmt":"2019-02-19T17:34:00","slug":"tentatives-datteinte-a-la-stabilite-du-pays-le-mdn-appelle-les-algeriens-a-la-vigilance","status":"publish","type":"post","link":"https:\/\/linitiative.ca\/International\/tentatives-datteinte-a-la-stabilite-du-pays-le-mdn-appelle-les-algeriens-a-la-vigilance\/","title":{"rendered":"TENTATIVES D&rsquo;ATTEINTE A LA STABILITE DU PAYS : Le MDN appelle les  Alg\u00e9riens \u00e0 la vigilance"},"content":{"rendered":"<p><br id=\"sep_para_1\" class=\"sep_para access\"\/><\/p>\n<div id=\"para_1\" class=\"para_29308612 resize\">\n<div class=\"photo shadow left\"><a href=\"javascript:void(0)\" rel=\"https:\/\/www.reflexiondz.net\/photo\/art\/grande\/30881583-29308612.jpg?v=1550600343&#038;ibox\" title=\"TENTATIVES D'ATTEINTE A LA STABILITE DU PAYS : Le MDN appelle les Alg\u00e9riens \u00e0 la vigilance\"><img decoding=\"async\" class=\"responsive c9\" src=\"https:\/\/www.reflexiondz.net\/photo\/art\/grande\/30881583-29308612.jpg?v=1550600343\" alt=\"TENTATIVES D'ATTEINTE A LA STABILITE DU PAYS : Le MDN appelle les Alg\u00e9riens \u00e0 la vigilance\" title=\"TENTATIVES D'ATTEINTE A LA STABILITE DU PAYS : Le MDN appelle les Alg\u00e9riens \u00e0 la vigilance\"\/><img decoding=\"async\" class=\"not-responsive\" src=\"https:\/\/www.reflexiondz.net\/photo\/art\/default\/30881583-29308612.jpg?v=1550600345\" alt=\"TENTATIVES D'ATTEINTE A LA STABILITE DU PAYS : Le MDN appelle les Alg\u00e9riens \u00e0 la vigilance\" title=\"TENTATIVES D'ATTEINTE A LA STABILITE DU PAYS : Le MDN appelle les Alg\u00e9riens \u00e0 la vigilance\"\/><\/a><\/div>\n<div class=\"texte access firstletter\">Pr\u00e9sidant l&rsquo;ouverture du programme d&rsquo;activit\u00e9s c\u00e9l\u00e9brant la journ\u00e9e nationale du Chahid, le 18 f\u00e9vrier de chaque ann\u00e9e, au Mus\u00e9e central de l&rsquo;Arm\u00e9e, le g\u00e9n\u00e9ral-major Madi a appel\u00e9 \u00ab\u00a0les enfants de la Patrie \u00e0 faire, plus que jamais, preuve de vigilance et \u00e0 \u00eatre profond\u00e9ment conscients de l&rsquo;ampleur des d\u00e9fis \u00e0 relever, au regard des mutations marquant la situation g\u00e9ostrat\u00e9gique aux niveaux r\u00e9gional et international et des tentatives d&rsquo;atteinte \u00e0 la stabilit\u00e9 et \u00e0 la s\u00e9curit\u00e9 nationales\u00a0\u00bb. La c\u00e9l\u00e9bration de cette journ\u00e9e vise \u00e0 \u00ab\u00a0pr\u00e9munir les g\u00e9n\u00e9rations actuelles et futures, en d\u00e9veloppant leur conscience historique, afin qu&rsquo;elles sachent que le recouvrement de la souverainet\u00e9 nationale n&rsquo;a pu se r\u00e9aliser que gr\u00e2ce aux sacrifices \u00e9normes consentis par leurs a\u00efeux durant 132 ans d&rsquo;occupation et que le prix de la libert\u00e9 fut cher \u00e0 payer\u00a0\u00bb, a-t-il soutenu. \u00ab\u00a0Gr\u00e2ce \u00e0 Dieu et gr\u00e2ce aux fid\u00e8les aux principes de la glorieuse R\u00e9volution de Novembre et au serment fait aux martyrs, l&rsquo;Alg\u00e9rie demeurera s\u00fbre et s\u00e9curis\u00e9e, fid\u00e8le au serment et sacrifices des martyrs\u00a0\u00bb, a-t-il rassur\u00e9, soulignant que la c\u00e9l\u00e9bration de cette journ\u00e9e avait pour objectif de rappeler au peuple ses glorieuses r\u00e9volutions et les sacrifices consentis pour la libert\u00e9, l&rsquo;ind\u00e9pendance et la souverainet\u00e9 nationales. La c\u00e9l\u00e9bration de la journ\u00e9e du Chahid traduit une forte volont\u00e9 de continuit\u00e9 et la fid\u00e9lit\u00e9, a fait savoir le g\u00e9n\u00e9ral major, soulignant que le mois de f\u00e9vrier a vu plusieurs faits historiques importants notamment la cr\u00e9ation de l&rsquo;Organisation sp\u00e9ciale (OS), le 18 f\u00e9vrier 1947, ayant balis\u00e9 la voie \u00e0 la lutte arm\u00e9e, l&rsquo;internationalisation de la cause alg\u00e9rienne, au niveau\u00a0 de l&rsquo;Assembl\u00e9e g\u00e9n\u00e9rale des Nations-Unies, le 18 f\u00e9vrier 1957, outre les essais nucl\u00e9aires fran\u00e7ais dans la r\u00e9gion de Reggane, le 13 f\u00e9vrier 1960.<\/div>\n<\/div>\n<p>Auteur: Ismain<br \/>\n<a href=\"https:\/\/www.reflexiondz.net\/TENTATIVES-D-ATTEINTE-A-LA-STABILITE-DU-PAYS-Le-MDN-appelle-les-Algeriens-a-la-vigilance_a54590.html\">Cliquez ici pour lire l&rsquo;article depuis sa source.<\/a><\/p>\n","protected":false},"excerpt":{"rendered":"<p>Pr\u00e9sidant l&rsquo;ouverture du programme d&rsquo;activit\u00e9s c\u00e9l\u00e9brant la journ\u00e9e nationale du Chahid, le 18 f\u00e9vrier de chaque ann\u00e9e, au Mus\u00e9e central de l&rsquo;Arm\u00e9e, le g\u00e9n\u00e9ral-major Madi a appel\u00e9 \u00ab\u00a0les enfants de la Patrie \u00e0 faire, plus que jamais, preuve de vigilance et \u00e0 \u00eatre profond\u00e9ment conscients de l&rsquo;ampleur des d\u00e9fis \u00e0 relever, au regard des mutations [&hellip;]<\/p>\n","protected":false},"author":1740,"featured_media":0,"comment_status":"closed","ping_status":"closed","sticky":false,"template":"","format":"standard","meta":{"fifu_image_url":"","fifu_image_alt":"","footnotes":""},"categories":[53,76],"tags":[],"class_list":["post-15591","post","type-post","status-publish","format-standard","hentry","category-algerie","category-regions"],"_links":{"self":[{"href":"https:\/\/linitiative.ca\/International\/wp-json\/wp\/v2\/posts\/15591","targetHints":{"allow":["GET"]}}],"collection":[{"href":"https:\/\/linitiative.ca\/International\/wp-json\/wp\/v2\/posts"}],"about":[{"href":"https:\/\/linitiative.ca\/International\/wp-json\/wp\/v2\/types\/post"}],"author":[{"embeddable":true,"href":"https:\/\/linitiative.ca\/International\/wp-json\/wp\/v2\/users\/1740"}],"replies":[{"embeddable":true,"href":"https:\/\/linitiative.ca\/International\/wp-json\/wp\/v2\/comments?post=15591"}],"version-history":[{"count":0,"href":"https:\/\/linitiative.ca\/International\/wp-json\/wp\/v2\/posts\/15591\/revisions"}],"wp:attachment":[{"href":"https:\/\/linitiative.ca\/International\/wp-json\/wp\/v2\/media?parent=15591"}],"wp:term":[{"taxonomy":"category","embeddable":true,"href":"https:\/\/linitiative.ca\/International\/wp-json\/wp\/v2\/categories?post=15591"},{"taxonomy":"post_tag","embeddable":true,"href":"https:\/\/linitiative.ca\/International\/wp-json\/wp\/v2\/tags?post=15591"}],"curies":[{"name":"wp","href":"https:\/\/api.w.org\/{rel}","templated":true}]}}