{"id":15592,"date":"2019-02-19T12:34:00","date_gmt":"2019-02-19T17:34:00","guid":{"rendered":"https:\/\/linitiative.ca\/International\/fornaka-la-salle-des-fetes-menace-ruine\/"},"modified":"2019-02-19T12:34:00","modified_gmt":"2019-02-19T17:34:00","slug":"fornaka-la-salle-des-fetes-menace-ruine","status":"publish","type":"post","link":"https:\/\/linitiative.ca\/International\/fornaka-la-salle-des-fetes-menace-ruine\/","title":{"rendered":"FORNAKA : La salle des f\u00eates menace ruine"},"content":{"rendered":"<p><br id=\"sep_para_1\" class=\"sep_para access\"\/><\/p>\n<div id=\"para_1\" class=\"para_29308591 resize\">\n<div class=\"texte access firstletter\">La superbe salle des f\u00eates, datant de l\u2019\u00e9poque, situ\u00e9e en plein centre du chef-lieu de commune risque fort de s\u2019effondrer\u00a0 un de ces jours. Abandonn\u00e9e \u00e0 son triste sort, apr\u00e8s avoir \u00e9t\u00e9 la fiert\u00e9 de toute la population en servant pour la projection de films de cin\u00e9ma apr\u00e8s l\u2019ind\u00e9pendance, et lieu de rassemblement\u00a0 pour\u00a0 divers besoins, elle fut destin\u00e9e par la suite \u00e0 \u00eatre un d\u00e9p\u00f4t de vente pour l\u2019ex-SEMPAC pour finir en magasin de stockage de divers autres produits de saisie\u00a0 et de garage pour v\u00e9hicules. Restaur\u00e9e une premi\u00e8re fois, elle a fini par renaitre de ses cendres et devenir juste pour\u00a0 un laps de temps, une salle pour la pratique sportive et de bureau pour les scouts musulmans, pour replonger dans le total anonymat. Aujourd\u2019hui, elle demeure ferm\u00e9e et livr\u00e9e \u00e0 la ruine qui la menace de partout, sa b\u00e2che est \u00e9ventr\u00e9e de bout en bout, ses chaises ont disparu, ses murs se l\u00e9zardent\u00a0 et se fissurent de jour en jour. Face \u00e0 cette catastrophe qui la guette, les citoyens de Fornaka ne cessent d\u2019appeler \u00e0 la sauvegarde de ce patrimoine qui leur est si cher, malheureusement, et \u00e0 ce jour, leurs dol\u00e9ances ne semblent avoir aucun \u00e9cho aupr\u00e8s des \u00e9lus de l\u2019APC, qui\u00a0 ne projettent aucune mesure\u00a0 pour la r\u00e9habiliter\u00a0 de nouveau et lui offrir la chance d\u2019\u00eatre toujours le joyau de la commune, qui peut toujours servir et \u00eatre le lieu des prochains rassemblements de la campagne \u00e9lectorale ou un lieu de rencontre pour le mouvement associatif.\u00a0\u00a0\u00a0\u00a0\u00a0\u00a0\u00a0\u00a0\u00a0\u00a0<\/div>\n<\/div>\n<p>Auteur: Ismain<br \/>\n<a href=\"https:\/\/www.reflexiondz.net\/FORNAKA-La-salle-des-fetes-menace-ruine_a54589.html\">Cliquez ici pour lire l&rsquo;article depuis sa source.<\/a><\/p>\n","protected":false},"excerpt":{"rendered":"<p>La superbe salle des f\u00eates, datant de l\u2019\u00e9poque, situ\u00e9e en plein centre du chef-lieu de commune risque fort de s\u2019effondrer\u00a0 un de ces jours. Abandonn\u00e9e \u00e0 son triste sort, apr\u00e8s avoir \u00e9t\u00e9 la fiert\u00e9 de toute la population en servant pour la projection de films de cin\u00e9ma apr\u00e8s l\u2019ind\u00e9pendance, et lieu de rassemblement\u00a0 pour\u00a0 divers [&hellip;]<\/p>\n","protected":false},"author":1740,"featured_media":0,"comment_status":"closed","ping_status":"closed","sticky":false,"template":"","format":"standard","meta":{"fifu_image_url":"","fifu_image_alt":"","footnotes":""},"categories":[53,76],"tags":[],"class_list":["post-15592","post","type-post","status-publish","format-standard","hentry","category-algerie","category-regions"],"_links":{"self":[{"href":"https:\/\/linitiative.ca\/International\/wp-json\/wp\/v2\/posts\/15592","targetHints":{"allow":["GET"]}}],"collection":[{"href":"https:\/\/linitiative.ca\/International\/wp-json\/wp\/v2\/posts"}],"about":[{"href":"https:\/\/linitiative.ca\/International\/wp-json\/wp\/v2\/types\/post"}],"author":[{"embeddable":true,"href":"https:\/\/linitiative.ca\/International\/wp-json\/wp\/v2\/users\/1740"}],"replies":[{"embeddable":true,"href":"https:\/\/linitiative.ca\/International\/wp-json\/wp\/v2\/comments?post=15592"}],"version-history":[{"count":0,"href":"https:\/\/linitiative.ca\/International\/wp-json\/wp\/v2\/posts\/15592\/revisions"}],"wp:attachment":[{"href":"https:\/\/linitiative.ca\/International\/wp-json\/wp\/v2\/media?parent=15592"}],"wp:term":[{"taxonomy":"category","embeddable":true,"href":"https:\/\/linitiative.ca\/International\/wp-json\/wp\/v2\/categories?post=15592"},{"taxonomy":"post_tag","embeddable":true,"href":"https:\/\/linitiative.ca\/International\/wp-json\/wp\/v2\/tags?post=15592"}],"curies":[{"name":"wp","href":"https:\/\/api.w.org\/{rel}","templated":true}]}}