{"id":15593,"date":"2019-02-19T12:34:00","date_gmt":"2019-02-19T17:34:00","guid":{"rendered":"https:\/\/linitiative.ca\/International\/mostaganem-un-dealer-arrete-en-possession-de-kif\/"},"modified":"2019-02-19T12:34:00","modified_gmt":"2019-02-19T17:34:00","slug":"mostaganem-un-dealer-arrete-en-possession-de-kif","status":"publish","type":"post","link":"https:\/\/linitiative.ca\/International\/mostaganem-un-dealer-arrete-en-possession-de-kif\/","title":{"rendered":"MOSTAGANEM : Un dealer arr\u00eat\u00e9 en possession de kif"},"content":{"rendered":"<p><br id=\"sep_para_1\" class=\"sep_para access\"\/><\/p>\n<div id=\"para_1\" class=\"para_29308582 resize\">\n<div class=\"texte access firstletter\">Les \u00e9l\u00e9ments de la police judiciaire aupr\u00e8s de la 9\u00e8me suret\u00e9 urbaine ont r\u00e9ussi \u00e0 arr\u00eater une personne \u00e2g\u00e9e de 27 ans pour d\u00e9tention et commercialisation\u00a0 de drogues o\u00f9 une importante quantit\u00e9 a \u00e9t\u00e9 saisie aupr\u00e8s de cette derni\u00e8re a t on appris de source s\u00e9curitaire. Cette affaire est intervenue suite \u00e0 des informations invoquant la d\u00e9tention par l\u2019une des personnes d\u2019une quantit\u00e9 de drogue au niveau de son domicile situ\u00e9 \u00e0 la cit\u00e9 \u2018\u2019Ayachi Belhadj\u2019 \u00e0 Mostaganem, o\u00f9 suite \u00e0 une perquisition, il a \u00e9t\u00e9 d\u00e9couvert \u00e0 l\u2019int\u00e9rieur de sa chambre \u00e0 coucher d\u2019une quantit\u00e9 de 34\u00a0 g de kif trait\u00e9.\u00a0 Pour le d\u00e9lit de d\u00e9tention et commercialisation de drogue, le mis en cause a \u00e9t\u00e9 pr\u00e9sent\u00e9 devant le procureur de la R\u00e9publique pr\u00e8s le tribunal de Mostaganem, qui a ordonn\u00e9 de le placer sous mandat de d\u00e9p\u00f4t\u00a0 jusqu\u2019\u00e0 sa comparution devant le tribunal.\u00a0\u00a0\u00a0<\/div>\n<\/div>\n<p>Auteur: Gana Yacine<br \/>\n<a href=\"https:\/\/www.reflexiondz.net\/MOSTAGANEM-Un-dealer-arrete-en-possession-de-kif_a54588.html\">Cliquez ici pour lire l&rsquo;article depuis sa source.<\/a><\/p>\n","protected":false},"excerpt":{"rendered":"<p>Les \u00e9l\u00e9ments de la police judiciaire aupr\u00e8s de la 9\u00e8me suret\u00e9 urbaine ont r\u00e9ussi \u00e0 arr\u00eater une personne \u00e2g\u00e9e de 27 ans pour d\u00e9tention et commercialisation\u00a0 de drogues o\u00f9 une importante quantit\u00e9 a \u00e9t\u00e9 saisie aupr\u00e8s de cette derni\u00e8re a t on appris de source s\u00e9curitaire. Cette affaire est intervenue suite \u00e0 des informations invoquant [&hellip;]<\/p>\n","protected":false},"author":1740,"featured_media":0,"comment_status":"closed","ping_status":"closed","sticky":false,"template":"","format":"standard","meta":{"fifu_image_url":"","fifu_image_alt":"","footnotes":""},"categories":[53,76],"tags":[],"class_list":["post-15593","post","type-post","status-publish","format-standard","hentry","category-algerie","category-regions"],"_links":{"self":[{"href":"https:\/\/linitiative.ca\/International\/wp-json\/wp\/v2\/posts\/15593","targetHints":{"allow":["GET"]}}],"collection":[{"href":"https:\/\/linitiative.ca\/International\/wp-json\/wp\/v2\/posts"}],"about":[{"href":"https:\/\/linitiative.ca\/International\/wp-json\/wp\/v2\/types\/post"}],"author":[{"embeddable":true,"href":"https:\/\/linitiative.ca\/International\/wp-json\/wp\/v2\/users\/1740"}],"replies":[{"embeddable":true,"href":"https:\/\/linitiative.ca\/International\/wp-json\/wp\/v2\/comments?post=15593"}],"version-history":[{"count":0,"href":"https:\/\/linitiative.ca\/International\/wp-json\/wp\/v2\/posts\/15593\/revisions"}],"wp:attachment":[{"href":"https:\/\/linitiative.ca\/International\/wp-json\/wp\/v2\/media?parent=15593"}],"wp:term":[{"taxonomy":"category","embeddable":true,"href":"https:\/\/linitiative.ca\/International\/wp-json\/wp\/v2\/categories?post=15593"},{"taxonomy":"post_tag","embeddable":true,"href":"https:\/\/linitiative.ca\/International\/wp-json\/wp\/v2\/tags?post=15593"}],"curies":[{"name":"wp","href":"https:\/\/api.w.org\/{rel}","templated":true}]}}