{"id":155930,"date":"2022-08-27T13:02:00","date_gmt":"2022-08-27T17:02:00","guid":{"rendered":"https:\/\/linitiative.ca\/International\/exclusif-vivez-par-limage-louverture-de-la-ticad-8-a-tunis\/"},"modified":"2022-08-27T13:02:00","modified_gmt":"2022-08-27T17:02:00","slug":"exclusif-vivez-par-limage-louverture-de-la-ticad-8-a-tunis","status":"publish","type":"post","link":"https:\/\/linitiative.ca\/International\/exclusif-vivez-par-limage-louverture-de-la-ticad-8-a-tunis\/","title":{"rendered":"Exclusif \u2013 Vivez par l\u2019image, l\u2019ouverture de la TICAD 8 \u00e0 Tunis"},"content":{"rendered":"<div><img decoding=\"async\" src=\"https:\/\/linitiative.ca\/International\/wp-content\/uploads\/sites\/23\/2022\/08\/1661617907_article.jpg\" alt=\"Exclusif \u2013 Vivez par l\u2019image, l\u2019ouverture de la TICAD 8 \u00e0 Tunis\" align=\"left\">En exclusivit\u00e9, Leaders vous livre des photos in\u00e9dites de la s\u00e9ance inaugurale de la TICAD 8, samedi matin au Palais des Congr\u00e8s \u00e0 Tunis. Prises par notre Chef-Photo Mohamed Hammi, elle couvrent l\u2019officiel et les coulisses.<\/p>\n<p>Lire aussi<br \/>\nExclusif \u2013 La liste compl\u00e8te des chefs de d\u00e9l\u00e9gation \u00e0 la TICAD 8<br \/>\nOuverture r\u00e9ussie de la TICAD 8 \u00e0 Tunis (Album photos)<br \/>\n\u00a0<br \/>\nFaire de la Tunisie une plateforme de coop\u00e9ration: Tunisie \u2022 Japon \u2022 Afrique<br \/>\nSamir Sa\u00efed : TICAD8, identifier de nouvelles perspectives de partenariat<br \/>\nKa\u00efs Darragi, coordinateur g\u00e9n\u00e9ral de la Ticad 8: Nous \u0153uvrons en faveur d\u2019une grande r\u00e9ussit<br \/>\nShimizu Shinsuke, ambassadeur du Japon \u00e0 Tunis: Le &#8230;<\/p>\n<\/div>\n<p>Auteur:<br \/>\n<a href=\"https:\/\/www.leaders.com.tn\/article\/33753-exclusif-vivez-par-l-image-l-ouverture-de-la-ticad-8-a-tunis\">Cliquez ici pour lire l&rsquo;article depuis sa source.<\/a><\/p>\n","protected":false},"excerpt":{"rendered":"<p>En exclusivit\u00e9, Leaders vous livre des photos in\u00e9dites de la s\u00e9ance inaugurale de la TICAD 8, samedi matin au Palais des Congr\u00e8s \u00e0 Tunis. Prises par notre Chef-Photo Mohamed Hammi, elle couvrent l\u2019officiel et les coulisses. Lire aussi Exclusif \u2013 La liste compl\u00e8te des chefs de d\u00e9l\u00e9gation \u00e0 la TICAD 8 Ouverture r\u00e9ussie de la [&hellip;]<\/p>\n","protected":false},"author":1772,"featured_media":0,"comment_status":"closed","ping_status":"closed","sticky":false,"template":"","format":"standard","meta":{"fifu_image_url":"http:\/\/www.leaders.com.tn\/uploads\/content\/thumbnails_small\/1661617907_article.jpg","fifu_image_alt":"Exclusif \u2013 Vivez par l\u2019image, l\u2019ouverture de la TICAD 8 \u00e0 Tunis","footnotes":""},"categories":[73,55],"tags":[],"class_list":["post-155930","post","type-post","status-publish","format-standard","hentry","category-actualite","category-tunisie"],"_links":{"self":[{"href":"https:\/\/linitiative.ca\/International\/wp-json\/wp\/v2\/posts\/155930","targetHints":{"allow":["GET"]}}],"collection":[{"href":"https:\/\/linitiative.ca\/International\/wp-json\/wp\/v2\/posts"}],"about":[{"href":"https:\/\/linitiative.ca\/International\/wp-json\/wp\/v2\/types\/post"}],"author":[{"embeddable":true,"href":"https:\/\/linitiative.ca\/International\/wp-json\/wp\/v2\/users\/1772"}],"replies":[{"embeddable":true,"href":"https:\/\/linitiative.ca\/International\/wp-json\/wp\/v2\/comments?post=155930"}],"version-history":[{"count":0,"href":"https:\/\/linitiative.ca\/International\/wp-json\/wp\/v2\/posts\/155930\/revisions"}],"wp:attachment":[{"href":"https:\/\/linitiative.ca\/International\/wp-json\/wp\/v2\/media?parent=155930"}],"wp:term":[{"taxonomy":"category","embeddable":true,"href":"https:\/\/linitiative.ca\/International\/wp-json\/wp\/v2\/categories?post=155930"},{"taxonomy":"post_tag","embeddable":true,"href":"https:\/\/linitiative.ca\/International\/wp-json\/wp\/v2\/tags?post=155930"}],"curies":[{"name":"wp","href":"https:\/\/api.w.org\/{rel}","templated":true}]}}