{"id":155932,"date":"2022-08-27T13:15:00","date_gmt":"2022-08-27T17:15:00","guid":{"rendered":"https:\/\/linitiative.ca\/International\/exclusif-la-liste-complete-des-chefs-de-delegation-a-la-ticad-8\/"},"modified":"2022-08-27T13:15:00","modified_gmt":"2022-08-27T17:15:00","slug":"exclusif-la-liste-complete-des-chefs-de-delegation-a-la-ticad-8","status":"publish","type":"post","link":"https:\/\/linitiative.ca\/International\/exclusif-la-liste-complete-des-chefs-de-delegation-a-la-ticad-8\/","title":{"rendered":"Exclusif \u2013 La liste compl\u00e8te des chefs de d\u00e9l\u00e9gation \u00e0 la TICAD 8"},"content":{"rendered":"<div><img decoding=\"async\" src=\"https:\/\/linitiative.ca\/International\/wp-content\/uploads\/sites\/23\/2022\/08\/1661617545_article.jpg\" alt=\"Exclusif \u2013 La liste compl\u00e8te des chefs de d\u00e9l\u00e9gation \u00e0 la TICAD 8\" align=\"left\">Trente-huit pays et 9 organisations et institutions internationales et r\u00e9gionales ont \u00e9t\u00e9 repr\u00e9sent\u00e9s \u00e0 la 8\u00e8me conf\u00e9rence internationale pour le d\u00e9veloppement en Afrique (TICAD 8) qui a commenc\u00e9 samedi \u00e0 Tunis. Dix pays ont \u00e9t\u00e9 repr\u00e9sent\u00e9s au niveau de leur chef d\u2019Etat, un pays, le Soudan du Sud, par son vice-pr\u00e9sident, 8 pays par leur chef de gouvernement ou premier ministre et 19 pays, au niveau minist\u00e9riel. Le Maroc s&rsquo;\u00e9tant retir\u00e9.<br \/>\nT\u00e9l\u00e9charger la liste compl\u00e8te.<br \/>\nLire aussi<br \/>\nOuverture r\u00e9ussie de la TICAD 8 \u00e0 Tunis (Album photos)<br \/>\nExclusif \u2013 Vivez par l\u2019image, l\u2019ouverture de la TICAD 8 \u00e0 Tunis<br \/>\n\u00a0<br \/>\nFaire de la Tunisie une plateforme de coop\u00e9ration: &#8230;<\/p>\n<\/div>\n<p>Auteur:<br \/>\n<a href=\"https:\/\/www.leaders.com.tn\/article\/33754-exclusif-la-liste-complete-des-chefs-de-delegation-a-la-ticad-8\">Cliquez ici pour lire l&rsquo;article depuis sa source.<\/a><\/p>\n","protected":false},"excerpt":{"rendered":"<p>Trente-huit pays et 9 organisations et institutions internationales et r\u00e9gionales ont \u00e9t\u00e9 repr\u00e9sent\u00e9s \u00e0 la 8\u00e8me conf\u00e9rence internationale pour le d\u00e9veloppement en Afrique (TICAD 8) qui a commenc\u00e9 samedi \u00e0 Tunis. Dix pays ont \u00e9t\u00e9 repr\u00e9sent\u00e9s au niveau de leur chef d\u2019Etat, un pays, le Soudan du Sud, par son vice-pr\u00e9sident, 8 pays par leur [&hellip;]<\/p>\n","protected":false},"author":1772,"featured_media":0,"comment_status":"closed","ping_status":"closed","sticky":false,"template":"","format":"standard","meta":{"fifu_image_url":"http:\/\/www.leaders.com.tn\/uploads\/content\/thumbnails_small\/1661617545_article.jpg","fifu_image_alt":"Exclusif \u2013 La liste compl\u00e8te des chefs de d\u00e9l\u00e9gation \u00e0 la TICAD 8","footnotes":""},"categories":[73,55],"tags":[],"class_list":["post-155932","post","type-post","status-publish","format-standard","hentry","category-actualite","category-tunisie"],"_links":{"self":[{"href":"https:\/\/linitiative.ca\/International\/wp-json\/wp\/v2\/posts\/155932","targetHints":{"allow":["GET"]}}],"collection":[{"href":"https:\/\/linitiative.ca\/International\/wp-json\/wp\/v2\/posts"}],"about":[{"href":"https:\/\/linitiative.ca\/International\/wp-json\/wp\/v2\/types\/post"}],"author":[{"embeddable":true,"href":"https:\/\/linitiative.ca\/International\/wp-json\/wp\/v2\/users\/1772"}],"replies":[{"embeddable":true,"href":"https:\/\/linitiative.ca\/International\/wp-json\/wp\/v2\/comments?post=155932"}],"version-history":[{"count":0,"href":"https:\/\/linitiative.ca\/International\/wp-json\/wp\/v2\/posts\/155932\/revisions"}],"wp:attachment":[{"href":"https:\/\/linitiative.ca\/International\/wp-json\/wp\/v2\/media?parent=155932"}],"wp:term":[{"taxonomy":"category","embeddable":true,"href":"https:\/\/linitiative.ca\/International\/wp-json\/wp\/v2\/categories?post=155932"},{"taxonomy":"post_tag","embeddable":true,"href":"https:\/\/linitiative.ca\/International\/wp-json\/wp\/v2\/tags?post=155932"}],"curies":[{"name":"wp","href":"https:\/\/api.w.org\/{rel}","templated":true}]}}