{"id":155936,"date":"2022-08-27T13:06:47","date_gmt":"2022-08-27T17:06:47","guid":{"rendered":"https:\/\/linitiative.ca\/International\/le-president-du-conseil-presidentiel-libyen-suspend-sa-visite-a-tunis\/"},"modified":"2022-08-27T13:06:47","modified_gmt":"2022-08-27T17:06:47","slug":"le-president-du-conseil-presidentiel-libyen-suspend-sa-visite-a-tunis","status":"publish","type":"post","link":"https:\/\/linitiative.ca\/International\/le-president-du-conseil-presidentiel-libyen-suspend-sa-visite-a-tunis\/","title":{"rendered":"Le pr\u00e9sident du conseil pr\u00e9sidentiel libyen suspend sa visite \u00e0 Tunis"},"content":{"rendered":"<div>\n<p>Le pr\u00e9sident du conseil pr\u00e9sidentiel libyen, Mohamed Al Menfi, a suspendu, aujourd\u2019hui sa visite en Tunisie, dans le cadre de sa participation \u00e0 la TICAD 8, et ce, suite aux affrontements qui secouent depuis hier la ville de tripoli.<\/p>\n<p>L\u2019article <a href=\"https:\/\/www.tunisienumerique.com\/le-president-du-conseil-presidentiel-libyen-suspend-sa-visite-a-tunis\/\">Le pr\u00e9sident du conseil pr\u00e9sidentiel libyen suspend sa visite \u00e0 Tunis<\/a> est apparu en premier sur <a href=\"https:\/\/www.tunisienumerique.com\/\">Tunisie<\/a>.<\/p>\n<\/div>\n<p>Auteur: LM<br \/>\n<a href=\"https:\/\/www.tunisienumerique.com\/le-president-du-conseil-presidentiel-libyen-suspend-sa-visite-a-tunis\/\">Cliquez ici pour lire l&rsquo;article depuis sa source.<\/a><\/p>\n","protected":false},"excerpt":{"rendered":"<p>Le pr\u00e9sident du conseil pr\u00e9sidentiel libyen, Mohamed Al Menfi, a suspendu, aujourd\u2019hui sa visite en Tunisie, dans le cadre de sa participation \u00e0 la TICAD 8, et ce, suite aux affrontements qui secouent depuis hier la ville de tripoli. L\u2019article Le pr\u00e9sident du conseil pr\u00e9sidentiel libyen suspend sa visite \u00e0 Tunis est apparu en premier [&hellip;]<\/p>\n","protected":false},"author":1789,"featured_media":0,"comment_status":"closed","ping_status":"closed","sticky":false,"template":"","format":"standard","meta":{"fifu_image_url":"","fifu_image_alt":"","footnotes":""},"categories":[73,55],"tags":[],"class_list":["post-155936","post","type-post","status-publish","format-standard","hentry","category-actualite","category-tunisie"],"_links":{"self":[{"href":"https:\/\/linitiative.ca\/International\/wp-json\/wp\/v2\/posts\/155936","targetHints":{"allow":["GET"]}}],"collection":[{"href":"https:\/\/linitiative.ca\/International\/wp-json\/wp\/v2\/posts"}],"about":[{"href":"https:\/\/linitiative.ca\/International\/wp-json\/wp\/v2\/types\/post"}],"author":[{"embeddable":true,"href":"https:\/\/linitiative.ca\/International\/wp-json\/wp\/v2\/users\/1789"}],"replies":[{"embeddable":true,"href":"https:\/\/linitiative.ca\/International\/wp-json\/wp\/v2\/comments?post=155936"}],"version-history":[{"count":0,"href":"https:\/\/linitiative.ca\/International\/wp-json\/wp\/v2\/posts\/155936\/revisions"}],"wp:attachment":[{"href":"https:\/\/linitiative.ca\/International\/wp-json\/wp\/v2\/media?parent=155936"}],"wp:term":[{"taxonomy":"category","embeddable":true,"href":"https:\/\/linitiative.ca\/International\/wp-json\/wp\/v2\/categories?post=155936"},{"taxonomy":"post_tag","embeddable":true,"href":"https:\/\/linitiative.ca\/International\/wp-json\/wp\/v2\/tags?post=155936"}],"curies":[{"name":"wp","href":"https:\/\/api.w.org\/{rel}","templated":true}]}}