{"id":155938,"date":"2022-08-27T14:25:10","date_gmt":"2022-08-27T18:25:10","guid":{"rendered":"https:\/\/linitiative.ca\/International\/malgre-la-deceleration-des-credits-augmentation-des-creances-impayees-de-61-en-2021\/"},"modified":"2022-08-27T14:25:10","modified_gmt":"2022-08-27T18:25:10","slug":"malgre-la-deceleration-des-credits-augmentation-des-creances-impayees-de-61-en-2021","status":"publish","type":"post","link":"https:\/\/linitiative.ca\/International\/malgre-la-deceleration-des-credits-augmentation-des-creances-impayees-de-61-en-2021\/","title":{"rendered":"Malgr\u00e9 la d\u00e9c\u00e9l\u00e9ration des cr\u00e9dits, augmentation des cr\u00e9ances impay\u00e9es de 6,1% en 2021"},"content":{"rendered":"<div>\n<p>Passant de 10.485 millions de dinars (MD) en 2020 \u00e0 11.109 MD en 2021, l\u2019encours des cr\u00e9ances professionnelles impay\u00e9es ou en contentieux a augment\u00e9 de 6,1%, indique le rapport annuel de la banque Centrale de Tunisie paru aujourd\u2019hui vendredi 26 ao\u00fbt 2022. Cette \u00e9volution pourrait s\u2019expliquer, d\u2019apr\u00e8s l\u2019institut d\u2019\u00e9mission, par les contextes sanitaire et \u00e9conomique. [\u2026]<\/p>\n<p>L\u2019article <a href=\"https:\/\/www.tunisienumerique.com\/malgre-la-deceleration-des-credits-augmentation-des-creances-impayees-de-61-en-2021\/\">Malgr\u00e9 la d\u00e9c\u00e9l\u00e9ration des cr\u00e9dits, augmentation des cr\u00e9ances impay\u00e9es de 6,1% en 2021<\/a> est apparu en premier sur <a href=\"https:\/\/www.tunisienumerique.com\/\">Tunisie<\/a>.<\/p>\n<\/div>\n<p>Auteur: Mohamed Ben Abderrazek<br \/>\n<a href=\"https:\/\/www.tunisienumerique.com\/malgre-la-deceleration-des-credits-augmentation-des-creances-impayees-de-61-en-2021\/\">Cliquez ici pour lire l&rsquo;article depuis sa source.<\/a><\/p>\n","protected":false},"excerpt":{"rendered":"<p>Passant de 10.485 millions de dinars (MD) en 2020 \u00e0 11.109 MD en 2021, l\u2019encours des cr\u00e9ances professionnelles impay\u00e9es ou en contentieux a augment\u00e9 de 6,1%, indique le rapport annuel de la banque Centrale de Tunisie paru aujourd\u2019hui vendredi 26 ao\u00fbt 2022. Cette \u00e9volution pourrait s\u2019expliquer, d\u2019apr\u00e8s l\u2019institut d\u2019\u00e9mission, par les contextes sanitaire et \u00e9conomique. [&hellip;]<\/p>\n","protected":false},"author":1789,"featured_media":0,"comment_status":"closed","ping_status":"closed","sticky":false,"template":"","format":"standard","meta":{"fifu_image_url":"","fifu_image_alt":"","footnotes":""},"categories":[73,55],"tags":[],"class_list":["post-155938","post","type-post","status-publish","format-standard","hentry","category-actualite","category-tunisie"],"_links":{"self":[{"href":"https:\/\/linitiative.ca\/International\/wp-json\/wp\/v2\/posts\/155938","targetHints":{"allow":["GET"]}}],"collection":[{"href":"https:\/\/linitiative.ca\/International\/wp-json\/wp\/v2\/posts"}],"about":[{"href":"https:\/\/linitiative.ca\/International\/wp-json\/wp\/v2\/types\/post"}],"author":[{"embeddable":true,"href":"https:\/\/linitiative.ca\/International\/wp-json\/wp\/v2\/users\/1789"}],"replies":[{"embeddable":true,"href":"https:\/\/linitiative.ca\/International\/wp-json\/wp\/v2\/comments?post=155938"}],"version-history":[{"count":0,"href":"https:\/\/linitiative.ca\/International\/wp-json\/wp\/v2\/posts\/155938\/revisions"}],"wp:attachment":[{"href":"https:\/\/linitiative.ca\/International\/wp-json\/wp\/v2\/media?parent=155938"}],"wp:term":[{"taxonomy":"category","embeddable":true,"href":"https:\/\/linitiative.ca\/International\/wp-json\/wp\/v2\/categories?post=155938"},{"taxonomy":"post_tag","embeddable":true,"href":"https:\/\/linitiative.ca\/International\/wp-json\/wp\/v2\/tags?post=155938"}],"curies":[{"name":"wp","href":"https:\/\/api.w.org\/{rel}","templated":true}]}}