{"id":15594,"date":"2019-02-19T12:34:00","date_gmt":"2019-02-19T17:34:00","guid":{"rendered":"https:\/\/linitiative.ca\/International\/celebration-de-la-journee-nationale-du-chahid-sidi-ali-abrite-les-festivites\/"},"modified":"2019-02-19T12:34:00","modified_gmt":"2019-02-19T17:34:00","slug":"celebration-de-la-journee-nationale-du-chahid-sidi-ali-abrite-les-festivites","status":"publish","type":"post","link":"https:\/\/linitiative.ca\/International\/celebration-de-la-journee-nationale-du-chahid-sidi-ali-abrite-les-festivites\/","title":{"rendered":"CELEBRATION DE LA JOURNEE NATIONALE DU CHAHID : Sidi Ali abrite les festivit\u00e9s"},"content":{"rendered":"<p><br id=\"sep_para_1\" class=\"sep_para access\"\/><\/p>\n<div id=\"para_1\" class=\"para_29308577 resize\">\n<div class=\"texte access firstletter\">A\u00a0 cet effet, la forte d\u00e9l\u00e9gation de la wilaya , dirig\u00e9e par le wali, M. Rebehi\u00a0 Mohamed Abdenour, s\u2019est rendue vers le cimeti\u00e8re des chouhadas de la ville de Sidi Ali pour d\u00e9poser une gerbe de fleurs en l\u2019occasion et lire en commun la sourate de la\u00a0 \u2018\u2019Fatiha\u2019\u2019. En cet \u00e9v\u00e9nement si particulier, le chef de l\u2019ex\u00e9cutif n\u2019a pas\u00a0 manqu\u00e9 de s\u2019enqu\u00e9rir de l\u2019\u00e9tat du d\u00e9veloppement \u00e9conomique et social de cette da\u00efra en se rendant\u00a0 \u00e0 plusieurs points , dont la visite\u00a0 du nouveau mus\u00e9e de la commune, d\u2019un stade de proximit\u00e9 dont la wilaya de Mostaganem s\u2019enorgueillit d\u2019\u00eatre le\u00a0 leader dans ce domaine avec la r\u00e9alisation de pas moins de 110 stades. La d\u00e9l\u00e9gation s\u2019est \u00e9galement rendue vers\u00a0 un centre d\u2019enfouissement\u00a0 technique\u00a0 des d\u00e9chets m\u00e9nagers situ\u00e9\u00a0 dans la for\u00eat de Chouachi. Le wali a \u00e9galement lanc\u00e9 le raccordement au gaz naturel des 208 logements.\u00a0 Poursuivant\u00a0 son p\u00e9riple, la d\u00e9l\u00e9gation a effectu\u00e9 un arr\u00eat\u00a0 \u00e0 la commune de Tazgait o\u00f9 un quartier fut baptis\u00e9 au nom du Chahid\u00a0 Saidi Salem. Comme il a \u00e9t\u00e9 mis en service le raccordement en eau potable de plusieurs douars avec la distribution de 365 compteurs d\u2019eau \u00e0 titre gratuit. Toujours sur ce m\u00eame cr\u00e9neau d\u2019eau potable, il a \u00e9t\u00e9 mis\u00a0 \u00e9galement en service le branchement de 4\u00a0 autres douars en eau potable dans la commune d\u2019Ouled Maallah avec une donation de la wilaya de pas moins de 400 compteurs d\u2019eau gratuitement aux foyers concern\u00e9s. Notons que ce programme d\u2019installation de compteurs d\u2019eau va couvrir 78 douars pour la premi\u00e8re tranche.\u00a0\u00a0\u00a0<\/div>\n<\/div>\n<p>Auteur: Naboussi Belayachi<br \/>\n<a href=\"https:\/\/www.reflexiondz.net\/CELEBRATION-DE-LA-JOURNEE-NATIONALE-DU-CHAHID-Sidi-Ali-abrite-les-festivites_a54587.html\">Cliquez ici pour lire l&rsquo;article depuis sa source.<\/a><\/p>\n","protected":false},"excerpt":{"rendered":"<p>A\u00a0 cet effet, la forte d\u00e9l\u00e9gation de la wilaya , dirig\u00e9e par le wali, M. Rebehi\u00a0 Mohamed Abdenour, s\u2019est rendue vers le cimeti\u00e8re des chouhadas de la ville de Sidi Ali pour d\u00e9poser une gerbe de fleurs en l\u2019occasion et lire en commun la sourate de la\u00a0 \u2018\u2019Fatiha\u2019\u2019. En cet \u00e9v\u00e9nement si particulier, le chef [&hellip;]<\/p>\n","protected":false},"author":1740,"featured_media":0,"comment_status":"closed","ping_status":"closed","sticky":false,"template":"","format":"standard","meta":{"fifu_image_url":"","fifu_image_alt":"","footnotes":""},"categories":[53,76],"tags":[],"class_list":["post-15594","post","type-post","status-publish","format-standard","hentry","category-algerie","category-regions"],"_links":{"self":[{"href":"https:\/\/linitiative.ca\/International\/wp-json\/wp\/v2\/posts\/15594","targetHints":{"allow":["GET"]}}],"collection":[{"href":"https:\/\/linitiative.ca\/International\/wp-json\/wp\/v2\/posts"}],"about":[{"href":"https:\/\/linitiative.ca\/International\/wp-json\/wp\/v2\/types\/post"}],"author":[{"embeddable":true,"href":"https:\/\/linitiative.ca\/International\/wp-json\/wp\/v2\/users\/1740"}],"replies":[{"embeddable":true,"href":"https:\/\/linitiative.ca\/International\/wp-json\/wp\/v2\/comments?post=15594"}],"version-history":[{"count":0,"href":"https:\/\/linitiative.ca\/International\/wp-json\/wp\/v2\/posts\/15594\/revisions"}],"wp:attachment":[{"href":"https:\/\/linitiative.ca\/International\/wp-json\/wp\/v2\/media?parent=15594"}],"wp:term":[{"taxonomy":"category","embeddable":true,"href":"https:\/\/linitiative.ca\/International\/wp-json\/wp\/v2\/categories?post=15594"},{"taxonomy":"post_tag","embeddable":true,"href":"https:\/\/linitiative.ca\/International\/wp-json\/wp\/v2\/tags?post=15594"}],"curies":[{"name":"wp","href":"https:\/\/api.w.org\/{rel}","templated":true}]}}