{"id":155940,"date":"2022-08-27T16:25:48","date_gmt":"2022-08-27T20:25:48","guid":{"rendered":"https:\/\/linitiative.ca\/International\/fenetre-4-mondial-basket-face-au-senegal-la-tunisie-a-encore-manque-sa-chance\/"},"modified":"2022-08-27T16:25:48","modified_gmt":"2022-08-27T20:25:48","slug":"fenetre-4-mondial-basket-face-au-senegal-la-tunisie-a-encore-manque-sa-chance","status":"publish","type":"post","link":"https:\/\/linitiative.ca\/International\/fenetre-4-mondial-basket-face-au-senegal-la-tunisie-a-encore-manque-sa-chance\/","title":{"rendered":"Fen\u00eatre 4 \u2013 Mondial Basket : Face au S\u00e9n\u00e9gal, la Tunisie a encore manqu\u00e9 sa chance !!"},"content":{"rendered":"<div>\n<p>A la salle Mohamed Mzali quasiment compl\u00e8te, \u00e0 Monastir, la Tunisie a conc\u00e9d\u00e9 sa 2e d\u00e9faite dans le cadre du groupe F de la fen\u00eatre 4 des qualifications pour le Mondial 2023. Apr\u00e8s un d\u00e9but de rencontre parfait (40-33), les tunisiens ont \u00e9chou\u00e9 en deuxi\u00e8me mi-temps. Les co\u00e9quipiers de Salah Mejri se sont \u00e0 la [\u2026]<\/p>\n<p>L\u2019article <a href=\"https:\/\/www.tunisienumerique.com\/fenetre-4-mondial-basket-face-au-senegal-la-tunisie-a-encore-manque-sa-chance\/\">Fen\u00eatre 4 \u2013 Mondial Basket : Face au S\u00e9n\u00e9gal, la Tunisie a encore manqu\u00e9 sa chance !!<\/a> est apparu en premier sur <a href=\"https:\/\/www.tunisienumerique.com\/\">Tunisie<\/a>.<\/p>\n<\/div>\n<p>Auteur: Hamza Ben Khlifa<br \/>\n<a href=\"https:\/\/www.tunisienumerique.com\/fenetre-4-mondial-basket-face-au-senegal-la-tunisie-a-encore-manque-sa-chance\/\">Cliquez ici pour lire l&rsquo;article depuis sa source.<\/a><\/p>\n","protected":false},"excerpt":{"rendered":"<p>A la salle Mohamed Mzali quasiment compl\u00e8te, \u00e0 Monastir, la Tunisie a conc\u00e9d\u00e9 sa 2e d\u00e9faite dans le cadre du groupe F de la fen\u00eatre 4 des qualifications pour le Mondial 2023. Apr\u00e8s un d\u00e9but de rencontre parfait (40-33), les tunisiens ont \u00e9chou\u00e9 en deuxi\u00e8me mi-temps. Les co\u00e9quipiers de Salah Mejri se sont \u00e0 la [&hellip;]<\/p>\n","protected":false},"author":1789,"featured_media":0,"comment_status":"closed","ping_status":"closed","sticky":false,"template":"","format":"standard","meta":{"fifu_image_url":"","fifu_image_alt":"","footnotes":""},"categories":[73,55],"tags":[],"class_list":["post-155940","post","type-post","status-publish","format-standard","hentry","category-actualite","category-tunisie"],"_links":{"self":[{"href":"https:\/\/linitiative.ca\/International\/wp-json\/wp\/v2\/posts\/155940","targetHints":{"allow":["GET"]}}],"collection":[{"href":"https:\/\/linitiative.ca\/International\/wp-json\/wp\/v2\/posts"}],"about":[{"href":"https:\/\/linitiative.ca\/International\/wp-json\/wp\/v2\/types\/post"}],"author":[{"embeddable":true,"href":"https:\/\/linitiative.ca\/International\/wp-json\/wp\/v2\/users\/1789"}],"replies":[{"embeddable":true,"href":"https:\/\/linitiative.ca\/International\/wp-json\/wp\/v2\/comments?post=155940"}],"version-history":[{"count":0,"href":"https:\/\/linitiative.ca\/International\/wp-json\/wp\/v2\/posts\/155940\/revisions"}],"wp:attachment":[{"href":"https:\/\/linitiative.ca\/International\/wp-json\/wp\/v2\/media?parent=155940"}],"wp:term":[{"taxonomy":"category","embeddable":true,"href":"https:\/\/linitiative.ca\/International\/wp-json\/wp\/v2\/categories?post=155940"},{"taxonomy":"post_tag","embeddable":true,"href":"https:\/\/linitiative.ca\/International\/wp-json\/wp\/v2\/tags?post=155940"}],"curies":[{"name":"wp","href":"https:\/\/api.w.org\/{rel}","templated":true}]}}