{"id":155949,"date":"2022-08-27T13:18:02","date_gmt":"2022-08-27T17:18:02","guid":{"rendered":"https:\/\/linitiative.ca\/International\/ticad-le-maroc-denonce-les-contreverites-de-la-diplomatie-tunisienne\/"},"modified":"2022-08-27T13:18:02","modified_gmt":"2022-08-27T17:18:02","slug":"ticad-le-maroc-denonce-les-contreverites-de-la-diplomatie-tunisienne","status":"publish","type":"post","link":"https:\/\/linitiative.ca\/International\/ticad-le-maroc-denonce-les-contreverites-de-la-diplomatie-tunisienne\/","title":{"rendered":"TICAD: Le Maroc d\u00e9nonce les \u00ab\u00a0contrev\u00e9rit\u00e9s\u00a0\u00bb de la diplomatie tunisienne"},"content":{"rendered":"<div>\n<p><img decoding=\"async\" width=\"337\" height=\"150\" src=\"https:\/\/linitiative.ca\/International\/wp-content\/uploads\/sites\/23\/2022\/08\/16616206838518.jpg\" class=\"attachment-post-thumbnail size-post-thumbnail wp-post-image\" alt=\"\" loading=\"lazy\" srcset=\"https:\/\/linitiative.ca\/International\/wp-content\/uploads\/sites\/23\/2022\/08\/16616206838518.jpg 337w, https:\/\/www.journalducameroun.com\/wp-content\/uploads\/2022\/08\/16616206838518-300x134.jpg 300w\" sizes=\"auto, (max-width: 337px) 100vw, 337px\"><\/p>\n<p>La Tunisie a r\u00e9agi samedi \u00e0 la d\u00e9cision du Maroc de rappeler son ambassadeur \u00e0 Tunis apr\u00e8s l&rsquo;accueil r\u00e9serv\u00e9 au chef du front polisario invit\u00e9 \u00e0 prendre part \u00e0 la Conf\u00e9rence internationale de Tokyo sur le d\u00e9veloppement de l&rsquo;Afrique (TICAD-8). Rabat a jug\u00e9 la r\u00e9ponse de Tunis truff\u00e9e \u00ab\u00a0de nombreuses approximations et contrev\u00e9rit\u00e9s\u00a0\u00bb.Le communiqu\u00e9 publi\u00e9 vendredi soir par le minist\u00e8re tunisien des Affaires \u00e9trang\u00e8res pour tenter de justifier a posteriori l&rsquo;acte hostile et profond\u00e9ment inamical des autorit\u00e9s tunisiennes \u00e0 l&rsquo;\u00e9gard de la question du Sahara, \u00abcontient de nombreuses approximations et contrev\u00e9rit\u00e9s\u00bb, indique samedi le porte-parole du minist\u00e8re marocain des Affaires \u00e9trang\u00e8res.\u00a0<\/p>\n<p>\u00abLoin de lever les ambigu\u00eft\u00e9s qui entourent la position tunisienne, il n&rsquo;a fait que les approfondir\u00bb, pr\u00e9cise le porte-parole du minist\u00e8re. La TICAD ne constitue pas une r\u00e9union de l&rsquo;Union Africaine, mais un cadre de partenariat entre le Japon et les pays africains avec lesquels il entretient des relations diplomatiques, ajoute la m\u00eame source, pr\u00e9cisant que la TICAD fait, ainsi, partie des partenariats africains, comme il en existe avec la Chine, l&rsquo;Inde, la Russie, la Turquie ou encore les \u00c9tats-Unis, et qui ne sont ouverts qu&rsquo;aux \u00c9tats africains reconnus par le partenaire.\u00a0<\/p>\n<p>En cons\u00e9quence, les r\u00e8gles de l&rsquo;Union Africaine et son cadre de travail, que le Maroc respecte enti\u00e8rement, ne s&rsquo;appliquent pas en l&rsquo;occurrence, souligne-t-on. Concernant l&rsquo;invitation de l&rsquo;entit\u00e9 s\u00e9paratiste \u00e0 la TICAD-8, le porte-parole du minist\u00e8re tient \u00e0 pr\u00e9ciser qu&rsquo;il a \u00e9t\u00e9 convenu d\u00e8s le d\u00e9part et avec l&rsquo;accord de la Tunisie, que seuls pourront prendre part \u00e0 cette rencontre, les pays ayant re\u00e7u une invitation cosign\u00e9e par le Premier ministre japonais et le Pr\u00e9sident tunisien.\u00a0<\/p>\n<p>Une note verbale officielle diffus\u00e9e par le Japon, le 19 ao\u00fbt 2022, souligne explicitement que cette invitation cosign\u00e9e est \u00abl&rsquo;unique et authentique invitation sans laquelle aucune d\u00e9l\u00e9gation ne sera autoris\u00e9e \u00e0 participer \u00e0 la Ticad 8\u00bb, en pr\u00e9cisant que \u00abcette invitation n&rsquo;est pas destin\u00e9e \u00e0 l&rsquo;entit\u00e9 mentionn\u00e9e dans la note verbale du 10 ao\u00fbt 2022\u00bb, c&rsquo;est-\u00e0-dire l&rsquo;entit\u00e9 s\u00e9paratiste, pr\u00e9cise-t-on de m\u00eame source, ajoutant que c&rsquo;est dans ce cadre que 50 invitations ont \u00e9t\u00e9 envoy\u00e9es aux pays africains qui ont des relations diplomatiques avec le Japon et que la Tunisie n&rsquo;avait donc pas le droit d&rsquo;\u00e9tablir un processus d&rsquo;invitation unilat\u00e9rale, parall\u00e8le et sp\u00e9cifique \u00e0 l&rsquo;entit\u00e9 s\u00e9paratiste, contre la volont\u00e9 explicite du partenaire japonais.\u00a0<\/p>\n<p>Le porte-parole du minist\u00e8re souligne en outre que le communiqu\u00e9 de la Tunisie fait preuve de la m\u00eame approximation sur la position africaine. Cette position a toujours \u00e9t\u00e9 fond\u00e9e sur une participation inclusive des Etats africains, et non pas des membres de l&rsquo;UA. Elle est fond\u00e9e sur la D\u00e9cision 762 du Sommet de l&rsquo;UA, qui pr\u00e9cise que le cadre de la Ticad n&rsquo;est pas ouvert \u00e0 tous les membres de l&rsquo;UA, et que le format est d\u00e9fini par la m\u00eame d\u00e9cision et par les arrangements avec le partenaire. M\u00eame la r\u00e9solution du Conseil ex\u00e9cutif de Lusaka de Juillet 2022, s&rsquo;est content\u00e9 d&rsquo; \u00abencourage[r] l&rsquo;inclusivit\u00e9\u00bb tout en la conditionnant par \u00abla conformit\u00e9 avec les d\u00e9cisions pertinentes de l&rsquo;UA\u00bb, en l&rsquo;occurrence la D\u00e9cision 762, a-t-il expliqu\u00e9.\u00a0<\/p>\n<p>Pour ce qui est du fond de la neutralit\u00e9 et de la r\u00e9f\u00e9rence du Communiqu\u00e9 au \u00ab\u00a0respect des r\u00e9solutions des Nations Unies\u00a0\u00bb par rapport \u00e0 la question du Sahara, il a relev\u00e9 que l&rsquo;abstention surprenante et inexpliqu\u00e9e de la Tunisie lors de l&rsquo;adoption de la r\u00e9solution 2602 du Conseil de S\u00e9curit\u00e9, en octobre dernier, jette un doute s\u00e9rieux et l\u00e9gitime sur son soutien au processus politique et aux r\u00e9solutions des Nations Unies.\u00a0<\/p>\n<p>Par rapport, enfin, \u00e0 l&rsquo;accueil r\u00e9serv\u00e9 par le chef de l&rsquo;Etat tunisien au chef de la milice s\u00e9paratiste, le porte-parole a not\u00e9 que la r\u00e9f\u00e9rence obstin\u00e9e du communiqu\u00e9 tunisien \u00e0 \u00abl&rsquo;accueil des invit\u00e9s de la Tunisie sur un pied d&rsquo;\u00e9galit\u00e9\u00bb suscite la plus grande surprise, sachant que ni le gouvernement tunisien ni le peuple tunisien ne reconnaissent cette entit\u00e9 fantoche. Il t\u00e9moigne d&rsquo;un acte d&rsquo;hostilit\u00e9 aussi flagrante que gratuite, et qui n&rsquo;a rien \u00e0 voir avec la \u00abtradition d&rsquo;hospitalit\u00e9 tunisienne\u00bb qui, en tout \u00e9tat de cause, ne peut en aucun cas s&rsquo;appliquer aux ennemis des fr\u00e8res et amis qui ont toujours \u00e9t\u00e9 aux c\u00f4t\u00e9s de la Tunisie dans les moments difficiles.<\/p>\n<p>Apr\u00e8s le rappel de l&rsquo;ambassadeur marocain \u00e0 Tunis suite \u00e0 l&rsquo;accueil fait au chef du Front polisario, Brahim Ghali, \u00e0 la 8\u00e8me Conf\u00e9rence internationale de Tokyo sur le d\u00e9veloppement de l&rsquo;Afrique (TICAD), la Tunisie a d\u00e9cid\u00e9 de prendre une d\u00e9cision similaire.<\/p>\n<p>Ce samedi, Tunis annonce avoir aussi rappel\u00e9 son ambassadeur. Dans un communiqu\u00e9, le minist\u00e8re tunisien des Affaires \u00e9trang\u00e8res indique maintenir \u00ab une neutralit\u00e9 totale sur la question du Sahara occidental, en conformit\u00e9 avec la l\u00e9gitimit\u00e9 internationale \u00bb. \u00ab Une position qui ne changera pas tant que les parties concern\u00e9es n&rsquo;auront pas trouv\u00e9 une solution pacifique acceptable pour tous \u00bb. Tunis affirme \u00ab son profond \u00e9tonnement face \u00e0 ce qui a \u00e9t\u00e9 dit dans la d\u00e9claration du Maroc, contenant des pr\u00e9jug\u00e9s inacceptables contre la R\u00e9publique tunisienne et des mensonges concernant la participation (du Polisario) au sommet \u00bb.<\/p>\n<p>\u00ab Si la Tunisie insiste, conform\u00e9ment aux constantes de sa politique \u00e9trang\u00e8re, bas\u00e9e sur la non-ing\u00e9rence dans les affaires int\u00e9rieures des \u00c9tats et le respect de leurs choix, elle insiste \u00e9galement sur son refus d&rsquo;ing\u00e9rence dans ses affaires int\u00e9rieures et la supr\u00e9matie de sa d\u00e9cision nationale \u00bb, souligne le communiqu\u00e9 de la diplomatie tunisienne.<\/p>\n<p>La diplomatie tunisienne poursuit en disant vouloir \u00ab pr\u00e9server ses relations historiques amicales, fraternelles et anciennes avec le peuple marocain \u00bb et rejette la d\u00e9claration du Maroc, l&rsquo;accusant d&rsquo;adopter \u00ab une position agressive envers le Maroc et de nuire aux int\u00e9r\u00eats marocains \u00bb.<\/p>\n<p>L&rsquo;Union Africaine (UA) a fait circuler un m\u00e9morandum invitant tous ses membres, y compris le chef du Front Polisario, \u00e0 participer au sommet de la TICAD, ajoute-t-on.<\/p>\n<p>Aussi, le pr\u00e9sident de la Commission africaine a par ailleurs adress\u00e9 une invitation directe \u00e0 Brahim Ghali pour qu&rsquo;il participe au sommet. La Tunisie \u00ab a respect\u00e9 toutes les proc\u00e9dures d&rsquo;organisation li\u00e9es \u00e0 l&rsquo;accueil du sommet, conform\u00e9ment aux dispositions juridiques relatives \u00e0 l&rsquo;organisation des sommets, des conf\u00e9rences et des r\u00e9unions de partenariat \u00bb, fait savoir le minist\u00e8re tunisien des Affaires \u00e9trang\u00e8res.<\/p>\n<p>Vendredi, le Maroc avait rappel\u00e9 son ambassadeur en Tunisie en protestation de l&rsquo;accueil en grande pompe du chef du Polisario. Le Royaume a \u00e9galement d\u00e9cid\u00e9 d&rsquo;annuler sa participation au Sommet Afrique-Japon.<\/p>\n<p>Le rappel du diplomate marocain et l&rsquo;annulation de la participation marocaine sont justifi\u00e9s par \u00ab l&rsquo;attitude de ce pays dans le cadre du processus du forum de coop\u00e9ration Japon-Afrique qui vient confirmer de mani\u00e8re flagrante son hostilit\u00e9 \u00e0 l&rsquo;\u00e9gard du Royaume \u00bb , indique encore le communiqu\u00e9<\/p>\n<p>\u00ab Apr\u00e8s avoir multipli\u00e9 r\u00e9cemment les positions et actes n\u00e9gatifs \u00e0 l&rsquo;\u00e9gard du Royaume du Maroc et de ses int\u00e9r\u00eats sup\u00e9rieurs, l&rsquo;attitude de la Tunisie dans le cadre du processus de la TICAD vient confirmer de mani\u00e8re flagrante son hostilit\u00e9 \u00bb, pr\u00e9cise le minist\u00e8re dans un communiqu\u00e9.<\/p>\n<p>\u00ab L&rsquo;accueil r\u00e9serv\u00e9 par le chef de l&rsquo;Etat tunisien au chef de la milice s\u00e9paratiste, est un acte grave et in\u00e9dit, qui heurte profond\u00e9ment les sentiments du peuple marocain et de ses forces vives \u00bb, rappelle la diplomatie marocaine.<\/p>\n<p>\u00ab Face \u00e0 cette attitude hostile et pr\u00e9judiciable aux relations fraternelles que les deux pays ont toujours entretenues, le Royaume du Maroc a d\u00e9cid\u00e9 de ne pas participer au 8\u00e8me Sommet de la TICAD qui se tient en Tunisie les 27 et 28 ao\u00fbt courant et de rappeler imm\u00e9diatement en consultation l&rsquo;Ambassadeur de Sa Majest\u00e9 le Roi \u00e0 Tunis \u00bb, poursuit le communiqu\u00e9.<\/p>\n<p>Et de rappeler que \u00ab cette d\u00e9cision n&rsquo;affecte en rien les liens forts et intacts entre les peuples marocain et tunisien, qui sont li\u00e9s par une histoire commune et un destin partag\u00e9 \u00bb . \u00ab Elle ne remet pas en cause non plus l&rsquo;attachement du Royaume du Maroc aux int\u00e9r\u00eats de l&rsquo;Afrique et \u00e0 son action au sein de l&rsquo;Union Africaine, ni ne remet en cause l&rsquo;engagement du Royaume au sein de la TICAD \u00bb , insiste le communiqu\u00e9.<\/p>\n<p>La Conf\u00e9rence internationale de Tokyo sur le d\u00e9veloppement de l&rsquo;Afrique (TICAD) s&rsquo;est ouverte, ce samedi 27 ao\u00fbt, \u00e0 Tunis. Le Premier ministre japonais Fumio Kishida suit le sommet de la TICAD par vid\u00e9o-conf\u00e9rence, depuis Tokyo, car il a contract\u00e9 le Covid-19. Il aurait tant aim\u00e9 \u00eatre \u00e0 Tunis pour dire que le Japon augmentera ses aides \u00e0 l&rsquo;Afrique de 40% pour les trois ann\u00e9es \u00e0 venir, selon le journal \u00e9conomique Nikkei.<\/p>\n<p>Cet article <a rel=\"nofollow\" href=\"https:\/\/www.journalducameroun.com\/ticad-le-maroc-denonce-les-contreverites-de-la-diplomatie-tunisienne\/\">TICAD: Le Maroc d\u00e9nonce les \u00ab\u00a0contrev\u00e9rit\u00e9s\u00a0\u00bb de la diplomatie tunisienne<\/a> est apparu en premier sur <a rel=\"nofollow\" href=\"https:\/\/www.journalducameroun.com\/\">Journal du Cameroun<\/a>.<\/p>\n<\/div>\n<p>Auteur: APA News<br \/>\n<a href=\"https:\/\/www.journalducameroun.com\/ticad-le-maroc-denonce-les-contreverites-de-la-diplomatie-tunisienne\/\">Cliquez ici pour lire l&rsquo;article depuis sa source.<\/a><\/p>\n","protected":false},"excerpt":{"rendered":"<p>La Tunisie a r\u00e9agi samedi \u00e0 la d\u00e9cision du Maroc de rappeler son ambassadeur \u00e0 Tunis apr\u00e8s l&rsquo;accueil r\u00e9serv\u00e9 au chef du front polisario invit\u00e9 \u00e0 prendre part \u00e0 la Conf\u00e9rence internationale de Tokyo sur le d\u00e9veloppement de l&rsquo;Afrique (TICAD-8). Rabat a jug\u00e9 la r\u00e9ponse de Tunis truff\u00e9e \u00ab\u00a0de nombreuses approximations et contrev\u00e9rit\u00e9s\u00a0\u00bb.Le communiqu\u00e9 publi\u00e9 [&hellip;]<\/p>\n","protected":false},"author":1965,"featured_media":0,"comment_status":"closed","ping_status":"closed","sticky":false,"template":"","format":"standard","meta":{"fifu_image_url":"https:\/\/www.journalducameroun.com\/wp-content\/uploads\/2022\/08\/16616206838518.jpg","fifu_image_alt":"TICAD: Le Maroc d\u00e9nonce les \u00ab\u00a0contrev\u00e9rit\u00e9s\u00a0\u00bb de la diplomatie tunisienne","footnotes":""},"categories":[73,82],"tags":[],"class_list":["post-155949","post","type-post","status-publish","format-standard","hentry","category-actualite","category-cameroun"],"_links":{"self":[{"href":"https:\/\/linitiative.ca\/International\/wp-json\/wp\/v2\/posts\/155949","targetHints":{"allow":["GET"]}}],"collection":[{"href":"https:\/\/linitiative.ca\/International\/wp-json\/wp\/v2\/posts"}],"about":[{"href":"https:\/\/linitiative.ca\/International\/wp-json\/wp\/v2\/types\/post"}],"author":[{"embeddable":true,"href":"https:\/\/linitiative.ca\/International\/wp-json\/wp\/v2\/users\/1965"}],"replies":[{"embeddable":true,"href":"https:\/\/linitiative.ca\/International\/wp-json\/wp\/v2\/comments?post=155949"}],"version-history":[{"count":0,"href":"https:\/\/linitiative.ca\/International\/wp-json\/wp\/v2\/posts\/155949\/revisions"}],"wp:attachment":[{"href":"https:\/\/linitiative.ca\/International\/wp-json\/wp\/v2\/media?parent=155949"}],"wp:term":[{"taxonomy":"category","embeddable":true,"href":"https:\/\/linitiative.ca\/International\/wp-json\/wp\/v2\/categories?post=155949"},{"taxonomy":"post_tag","embeddable":true,"href":"https:\/\/linitiative.ca\/International\/wp-json\/wp\/v2\/tags?post=155949"}],"curies":[{"name":"wp","href":"https:\/\/api.w.org\/{rel}","templated":true}]}}