{"id":15595,"date":"2019-02-19T12:40:00","date_gmt":"2019-02-19T17:40:00","guid":{"rendered":"https:\/\/linitiative.ca\/International\/education-benghebrit-entame-les-discussions-avec-les-syndicats\/"},"modified":"2019-02-19T12:40:00","modified_gmt":"2019-02-19T17:40:00","slug":"education-benghebrit-entame-les-discussions-avec-les-syndicats","status":"publish","type":"post","link":"https:\/\/linitiative.ca\/International\/education-benghebrit-entame-les-discussions-avec-les-syndicats\/","title":{"rendered":"EDUCATION : Benghebrit entame les discussions avec les syndicats"},"content":{"rendered":"<p><br id=\"sep_para_1\" class=\"sep_para access\"\/><\/p>\n<div id=\"para_1\" class=\"para_29308663 resize\">\n<div class=\"texte access firstletter\">Au lendemain du d\u00e9p\u00f4t du pr\u00e9avis de gr\u00e8ve par l\u2019intersyndicale de l\u2019\u00e9ducation, la tutelle\u00a0 a convi\u00e9 les syndicats concern\u00e9s \u00e0 des rencontres bilat\u00e9rales, annonce le minist\u00e8re de l\u2019\u00e9ducation, dans un communiqu\u00e9 rendu public, ce\u00a0 mardi 19 f\u00e9vrier. Les r\u00e9unions qui se d\u00e9rouleront du 19 au 21 f\u00e9vrier, visent \u00e0 dissuader les syndicats de recourir \u00e0 la gr\u00e8ve \u00e0 la veille des examens scolaires, qui d\u00e9buteront le 3 mars. Cet apr\u00e8s midi, Nouria Benghebrit, la ministre de l\u2019\u00e9ducation re\u00e7oit Sadek Dziri, le pr\u00e9sident de l\u2019Unpef. L\u2019intersyndicale de l\u2019\u00e9ducation, r\u00e9unie le 14 janvier \u00e0 Alger, a appel\u00e9 \u00e0 une gr\u00e8ve nationale les 26 et 27 f\u00e9vrier, ainsi qu\u2019\u00e0 des rassemblements r\u00e9gionaux dans quatre wilayas. Les six syndicats autonomes qui composent l\u2019intersyndicale de l\u2019\u00e9ducation \u00e0 savoir l\u2019Unpef, le Cnapeste, le Snapest, le SNTE, le CLA et le Satef, revendiquent notamment le maintien de la retraite proportionnelle et de la retraite sans condition d\u2019\u00e2ge, l\u2019abrogation d\u00e9finitive de l\u2019article 87 bis de la loi de finances de 2015) et l\u2019application du d\u00e9cret pr\u00e9sidentiel 266\/14.\u00a0\u00a0\u00a0\u00a0\u00a0\u00a0<\/div>\n<\/div>\n<p>Auteur: Nadine<br \/>\n<a href=\"https:\/\/www.reflexiondz.net\/EDUCATION-Benghebrit-entame-les-discussions-avec-les-syndicats_a54598.html\">Cliquez ici pour lire l&rsquo;article depuis sa source.<\/a><\/p>\n","protected":false},"excerpt":{"rendered":"<p>Au lendemain du d\u00e9p\u00f4t du pr\u00e9avis de gr\u00e8ve par l\u2019intersyndicale de l\u2019\u00e9ducation, la tutelle\u00a0 a convi\u00e9 les syndicats concern\u00e9s \u00e0 des rencontres bilat\u00e9rales, annonce le minist\u00e8re de l\u2019\u00e9ducation, dans un communiqu\u00e9 rendu public, ce\u00a0 mardi 19 f\u00e9vrier. Les r\u00e9unions qui se d\u00e9rouleront du 19 au 21 f\u00e9vrier, visent \u00e0 dissuader les syndicats de recourir \u00e0 [&hellip;]<\/p>\n","protected":false},"author":1740,"featured_media":0,"comment_status":"closed","ping_status":"closed","sticky":false,"template":"","format":"standard","meta":{"fifu_image_url":"","fifu_image_alt":"","footnotes":""},"categories":[53,76],"tags":[],"class_list":["post-15595","post","type-post","status-publish","format-standard","hentry","category-algerie","category-regions"],"_links":{"self":[{"href":"https:\/\/linitiative.ca\/International\/wp-json\/wp\/v2\/posts\/15595","targetHints":{"allow":["GET"]}}],"collection":[{"href":"https:\/\/linitiative.ca\/International\/wp-json\/wp\/v2\/posts"}],"about":[{"href":"https:\/\/linitiative.ca\/International\/wp-json\/wp\/v2\/types\/post"}],"author":[{"embeddable":true,"href":"https:\/\/linitiative.ca\/International\/wp-json\/wp\/v2\/users\/1740"}],"replies":[{"embeddable":true,"href":"https:\/\/linitiative.ca\/International\/wp-json\/wp\/v2\/comments?post=15595"}],"version-history":[{"count":0,"href":"https:\/\/linitiative.ca\/International\/wp-json\/wp\/v2\/posts\/15595\/revisions"}],"wp:attachment":[{"href":"https:\/\/linitiative.ca\/International\/wp-json\/wp\/v2\/media?parent=15595"}],"wp:term":[{"taxonomy":"category","embeddable":true,"href":"https:\/\/linitiative.ca\/International\/wp-json\/wp\/v2\/categories?post=15595"},{"taxonomy":"post_tag","embeddable":true,"href":"https:\/\/linitiative.ca\/International\/wp-json\/wp\/v2\/tags?post=15595"}],"curies":[{"name":"wp","href":"https:\/\/api.w.org\/{rel}","templated":true}]}}