{"id":155981,"date":"2022-08-28T04:00:00","date_gmt":"2022-08-28T08:00:00","guid":{"rendered":"https:\/\/linitiative.ca\/International\/il-a-poignarde-a-mort-un-palestinien-la-justice-israelienne-lave-de-tout-soupcon-le-colon-tueur\/"},"modified":"2022-08-28T04:00:00","modified_gmt":"2022-08-28T08:00:00","slug":"il-a-poignarde-a-mort-un-palestinien-la-justice-israelienne-lave-de-tout-soupcon-le-colon-tueur","status":"publish","type":"post","link":"https:\/\/linitiative.ca\/International\/il-a-poignarde-a-mort-un-palestinien-la-justice-israelienne-lave-de-tout-soupcon-le-colon-tueur\/","title":{"rendered":"Il a poignarde a mort un palestinien : La justice isra\u00e9lienne lave de tout soup\u00e7on le colon tueur !"},"content":{"rendered":"<div><img decoding=\"async\" src=\"https:\/\/linitiative.ca\/International\/wp-content\/uploads\/sites\/23\/2022\/08\/1661620817_article.jpg\" alt=\" Il a poignarde a mort un palestinien : la justice isra\u00e9lienne lave de tout soup\u00e7on le colon tueur ! \" align=\"left\">Par Mohamed Larbi Bouguerra<br \/>\n\u00abNous tenons le sionisme pour moral et juste. Puisqu\u2019il est moral et juste, alors la justice doit \u00eatre rendue, que Joseph, Simon, Ivan ou Ahmed en conviennent ou pas. Il n\u2019y a pas d\u2019autre moralit\u00e9.\u00bb Zeev Jabotinsky, 4 novembre 1923<br \/>\nLe procureur de l\u2019Etat d\u2019Isra\u00ebl a d\u00e9cid\u00e9, jeudi 25 ao\u00fbt 2022, de clore l\u2019enqu\u00eate concernant l\u2019assassinat, en juin 2022, d\u2019Ali Harb, poignard\u00e9 \u00e0 mort par un colon isra\u00e9lien\u2026. car, pr\u00e9tend\u00a0 ce magistrat,\u00a0 l\u2019auto-d\u00e9fense ne peut \u00eatre \u00e9cart\u00e9e: non seulement le suspect\u00a0 se d\u00e9fendait disait cet homme,\u00a0 mais\u00a0 il\u00a0 voulait,\u00a0 de plus,\u00a0 pr\u00e9server la vie de ses compagnons. Tordant le cou \u00e0\u00a0 tous &#8230;<\/p>\n<\/div>\n<p>Auteur:<br \/>\n<a href=\"https:\/\/www.leaders.com.tn\/article\/33756-il-a-poignarde-a-mort-un-palestinien-la-justice-israelienne-lave-de-tout-soupcon-le-colon-tueur\">Cliquez ici pour lire l&rsquo;article depuis sa source.<\/a><\/p>\n","protected":false},"excerpt":{"rendered":"<p>Par Mohamed Larbi Bouguerra \u00abNous tenons le sionisme pour moral et juste. Puisqu\u2019il est moral et juste, alors la justice doit \u00eatre rendue, que Joseph, Simon, Ivan ou Ahmed en conviennent ou pas. Il n\u2019y a pas d\u2019autre moralit\u00e9.\u00bb Zeev Jabotinsky, 4 novembre 1923 Le procureur de l\u2019Etat d\u2019Isra\u00ebl a d\u00e9cid\u00e9, jeudi 25 ao\u00fbt 2022, [&hellip;]<\/p>\n","protected":false},"author":1772,"featured_media":0,"comment_status":"closed","ping_status":"closed","sticky":false,"template":"","format":"standard","meta":{"fifu_image_url":"http:\/\/www.leaders.com.tn\/uploads\/content\/thumbnails_small\/1661620817_article.jpg","fifu_image_alt":"Il a poignarde a mort un palestinien : La justice isra\u00e9lienne lave de tout soup\u00e7on le colon tueur !","footnotes":""},"categories":[73,55],"tags":[],"class_list":["post-155981","post","type-post","status-publish","format-standard","hentry","category-actualite","category-tunisie"],"_links":{"self":[{"href":"https:\/\/linitiative.ca\/International\/wp-json\/wp\/v2\/posts\/155981","targetHints":{"allow":["GET"]}}],"collection":[{"href":"https:\/\/linitiative.ca\/International\/wp-json\/wp\/v2\/posts"}],"about":[{"href":"https:\/\/linitiative.ca\/International\/wp-json\/wp\/v2\/types\/post"}],"author":[{"embeddable":true,"href":"https:\/\/linitiative.ca\/International\/wp-json\/wp\/v2\/users\/1772"}],"replies":[{"embeddable":true,"href":"https:\/\/linitiative.ca\/International\/wp-json\/wp\/v2\/comments?post=155981"}],"version-history":[{"count":0,"href":"https:\/\/linitiative.ca\/International\/wp-json\/wp\/v2\/posts\/155981\/revisions"}],"wp:attachment":[{"href":"https:\/\/linitiative.ca\/International\/wp-json\/wp\/v2\/media?parent=155981"}],"wp:term":[{"taxonomy":"category","embeddable":true,"href":"https:\/\/linitiative.ca\/International\/wp-json\/wp\/v2\/categories?post=155981"},{"taxonomy":"post_tag","embeddable":true,"href":"https:\/\/linitiative.ca\/International\/wp-json\/wp\/v2\/tags?post=155981"}],"curies":[{"name":"wp","href":"https:\/\/api.w.org\/{rel}","templated":true}]}}