{"id":155985,"date":"2022-08-28T09:08:00","date_gmt":"2022-08-28T13:08:00","guid":{"rendered":"https:\/\/linitiative.ca\/International\/najla-bouden-ce-lundi-a-paris\/"},"modified":"2022-08-28T09:08:00","modified_gmt":"2022-08-28T13:08:00","slug":"najla-bouden-ce-lundi-a-paris","status":"publish","type":"post","link":"https:\/\/linitiative.ca\/International\/najla-bouden-ce-lundi-a-paris\/","title":{"rendered":"Najla Bouden, ce lundi \u00e0 Paris"},"content":{"rendered":"<div><img decoding=\"async\" src=\"https:\/\/linitiative.ca\/International\/wp-content\/uploads\/sites\/23\/2022\/08\/1661688927_article.jpg\" alt=\"Najla Bouden, ce lundi \u00e0 Paris\" align=\"left\">A peine la TICAD 8 cl\u00f4tur\u00e9e, Najla Bouden s\u2019envole vers la capitale fran\u00e7aise o\u00f9 elle rencontrera lundi son homologue \u00c9lisabeth Borne. C&rsquo;est la premi\u00e8re rencontre Mmes Bouden et Borne et doit porter notamment sur des volets \u00e9conomiques et financiers de la coop\u00e9ration bilat\u00e9rales ainsi que d&rsquo;autres th\u00e9matiques d&rsquo;int\u00e9r\u00eat commun.<br \/>\nLe d\u00e9plamcement de la Cheffe du gouvernement \u00e0 Paris s&rsquo;inscrit \u00e9galement dans le cadre de sa participation, \u00e0 l&rsquo;invitation du Medef, des Rencontres des Entrepreneurs de France 2022 qui se tiendront ces lundi et mardi \u00e0 l\u2019hippodrome de Parislongchamp. Mme Bouden y prendra la parole mardi matin en tant que Keynote sp\u00e9ciale pour traiter de la &#8230;<\/p>\n<\/div>\n<p>Auteur:<br \/>\n<a href=\"https:\/\/www.leaders.com.tn\/article\/33759-najla-bouden-ce-lundi-a-paris\">Cliquez ici pour lire l&rsquo;article depuis sa source.<\/a><\/p>\n","protected":false},"excerpt":{"rendered":"<p>A peine la TICAD 8 cl\u00f4tur\u00e9e, Najla Bouden s\u2019envole vers la capitale fran\u00e7aise o\u00f9 elle rencontrera lundi son homologue \u00c9lisabeth Borne. C&rsquo;est la premi\u00e8re rencontre Mmes Bouden et Borne et doit porter notamment sur des volets \u00e9conomiques et financiers de la coop\u00e9ration bilat\u00e9rales ainsi que d&rsquo;autres th\u00e9matiques d&rsquo;int\u00e9r\u00eat commun. Le d\u00e9plamcement de la Cheffe du [&hellip;]<\/p>\n","protected":false},"author":1772,"featured_media":0,"comment_status":"closed","ping_status":"closed","sticky":false,"template":"","format":"standard","meta":{"fifu_image_url":"http:\/\/www.leaders.com.tn\/uploads\/content\/thumbnails_small\/1661688927_article.jpg","fifu_image_alt":"Najla Bouden, ce lundi \u00e0 Paris","footnotes":""},"categories":[73,55],"tags":[],"class_list":["post-155985","post","type-post","status-publish","format-standard","hentry","category-actualite","category-tunisie"],"_links":{"self":[{"href":"https:\/\/linitiative.ca\/International\/wp-json\/wp\/v2\/posts\/155985","targetHints":{"allow":["GET"]}}],"collection":[{"href":"https:\/\/linitiative.ca\/International\/wp-json\/wp\/v2\/posts"}],"about":[{"href":"https:\/\/linitiative.ca\/International\/wp-json\/wp\/v2\/types\/post"}],"author":[{"embeddable":true,"href":"https:\/\/linitiative.ca\/International\/wp-json\/wp\/v2\/users\/1772"}],"replies":[{"embeddable":true,"href":"https:\/\/linitiative.ca\/International\/wp-json\/wp\/v2\/comments?post=155985"}],"version-history":[{"count":0,"href":"https:\/\/linitiative.ca\/International\/wp-json\/wp\/v2\/posts\/155985\/revisions"}],"wp:attachment":[{"href":"https:\/\/linitiative.ca\/International\/wp-json\/wp\/v2\/media?parent=155985"}],"wp:term":[{"taxonomy":"category","embeddable":true,"href":"https:\/\/linitiative.ca\/International\/wp-json\/wp\/v2\/categories?post=155985"},{"taxonomy":"post_tag","embeddable":true,"href":"https:\/\/linitiative.ca\/International\/wp-json\/wp\/v2\/tags?post=155985"}],"curies":[{"name":"wp","href":"https:\/\/api.w.org\/{rel}","templated":true}]}}