{"id":156134,"date":"2022-08-30T13:51:32","date_gmt":"2022-08-30T17:51:32","guid":{"rendered":"https:\/\/linitiative.ca\/International\/144229-chan-2023-avancement-appreciable-des-travaux-d-amenagement-des-infrastructures\/"},"modified":"2022-08-30T13:51:32","modified_gmt":"2022-08-30T17:51:32","slug":"144229-chan-2023-avancement-appreciable-des-travaux-d-amenagement-des-infrastructures","status":"publish","type":"post","link":"https:\/\/linitiative.ca\/International\/144229-chan-2023-avancement-appreciable-des-travaux-d-amenagement-des-infrastructures\/","title":{"rendered":"CHAN-2023: avancement appr\u00e9ciable des travaux d\u2019am\u00e9nagement des infrastructures"},"content":{"rendered":"<div>\n<div class=\"K2FeedImage\"><img decoding=\"async\" src=\"https:\/\/www.aps.dz\/media\/k2\/items\/cache\/98306f73b32b3d2c5da5414fd8416c4d_S.jpg\" alt=\"CHAN-2023: avancement appr\u00e9ciable des travaux d\u2019am\u00e9nagement des infrastructures\"><\/div>\n<div class=\"K2FeedIntroText\">\n<p><strong>ANNABA &#8211; Le ministre de la Jeunesse et des Sports, Abderrezak Sebgag a soulign\u00e9 mardi \u00e0 Annaba \u00ab\u00a0l\u2019avancement appr\u00e9ciable\u00a0\u00bb des travaux d\u2019am\u00e9nagement et de r\u00e9habilitation des infrastructures sportives programm\u00e9es pour abriter le prochain Championnat d\u2019Afrique des nations de football (CHAN 2023).<\/strong><\/p>\n<\/div>\n<div class=\"K2FeedFullText\">\n<p>Comparativement avec la visite du mois d\u2019avril dernier \u00ab\u00a0un avancement appr\u00e9ciable des pr\u00e9paratifs en cours \u00e0 Annaba est constat\u00e9\u00a0\u00bb, a pr\u00e9cis\u00e9 le ministre dans une d\u00e9claration \u00e0 la presse \u00e0 l\u2019issue de l\u2019inspection des travaux de mise \u00e0 niveau et l\u2019am\u00e9nagement du stade 19 mai 1956 devant abriter une partie de ce Championnat continental d\u00e9but 2023, dans le cadre d\u2019une visite de travail et d&rsquo;inspection dans cette wilaya.<\/p>\n<p>En marge de cette visite, le ministre a r\u00e9it\u00e9r\u00e9 son insistance pour\u00a0 \u00ab\u00a0redoubler les efforts et renforcer les brigades charg\u00e9es de la r\u00e9alisation en vue d\u2019achever les lots restants du projet dans les d\u00e9lais impartis\u00a0\u00bb et d\u2019insister \u00e9galement sur l\u2019importance d\u2019achever toutes les pr\u00e9paratifs dans les d\u00e9lais contractuels.<\/p>\n<p>Le ministre qui \u00e9coutait un expos\u00e9 au stade 19 mai 1956, de plus de 50.000 spectateurs et dont les travaux avancent \u00e0 des taux divers d\u2019un lot \u00e0 un autre dont le lot de la pose du gazon naturel qui affiche un taux d\u2019avancement de 55%, il a\u00a0 insist\u00e9 sur \u00ab\u00a0l\u2019importance de prendre en consid\u00e9ration toutes les normes en rapport avec la r\u00e9alisation y compris les d\u00e9tails minutieux arr\u00eat\u00e9es par les instances internationales de football \u00e0 leur t\u00eate la F\u00e9d\u00e9ration internationale de football (FIFA) et la Conf\u00e9d\u00e9ration africaine de football (CAF)\u00a0\u00bb.<\/p>\n<p>Sur ce point pr\u00e9cis, le ministre a mis l&rsquo;accent sur tout en ce qui concerne les espaces et infrastructures de repos pour les spectateurs et les m\u00e9dias, pour rendre, a-t-il encore ajout\u00e9, le stade apte \u00e0 abriter dans le futur n\u2019importe quelle comp\u00e9tition quelle que soit sa dimension.<\/p>\n<p>Rappelant que l\u2019Etat ne m\u00e9nage aucun effort pour mobiliser tous les budgets n\u00e9cessaires \u00e0 l\u2019am\u00e9nagement et la modernisation des infrastructures sportives, le ministre a indiqu\u00e9 que \u00ab\u00a0la vision du minist\u00e8re de tutelle ne se limite pas aux pr\u00e9paratifs du CHAN 2023, mais \u00e9galement vise \u00e0 rendre ces infrastructures sportives un legs et un acquis permanent \u00e0 mettre \u00e0 contribution dans toutes les occasions\u00a0\u00bb.<\/p>\n<p>La ministre de la Jeunesse et des Sports a inspect\u00e9 au cours de cette visite, les travaux d\u2019am\u00e9nagement et de mise \u00e0 niveau du stade Abdelkader Chabou, choisi pour abriter les entra\u00eenements des \u00e9quipes participantes au titre du CHAN 2023.<\/p>\n<p>In situ, il a attir\u00e9 l\u2019attention des responsables charg\u00e9s de la r\u00e9alisation sur \u00ab\u00a0l\u2019importance d\u2019achever les travaux au minimum un mois avant la date de cette comp\u00e9tition continentale\u00a0\u00bb.<\/p>\n<\/div>\n<\/div>\n<p>Auteur:<br \/>\n<a href=\"https:\/\/www.aps.dz\/sport\/144229-chan-2023-avancement-appreciable-des-travaux-d-amenagement-des-infrastructures\">Cliquez ici pour lire l&rsquo;article depuis sa source.<\/a><\/p>\n","protected":false},"excerpt":{"rendered":"<p>ANNABA &#8211; Le ministre de la Jeunesse et des Sports, Abderrezak Sebgag a soulign\u00e9 mardi \u00e0 Annaba \u00ab\u00a0l\u2019avancement appr\u00e9ciable\u00a0\u00bb des travaux d\u2019am\u00e9nagement et de r\u00e9habilitation des infrastructures sportives programm\u00e9es pour abriter le prochain Championnat d\u2019Afrique des nations de football (CHAN 2023). Comparativement avec la visite du mois d\u2019avril dernier \u00ab\u00a0un avancement appr\u00e9ciable des pr\u00e9paratifs en [&hellip;]<\/p>\n","protected":false},"author":1790,"featured_media":0,"comment_status":"closed","ping_status":"closed","sticky":false,"template":"","format":"standard","meta":{"fifu_image_url":"https:\/\/www.aps.dz\/media\/k2\/items\/cache\/98306f73b32b3d2c5da5414fd8416c4d_S.jpg","fifu_image_alt":"CHAN-2023: avancement appr\u00e9ciable des travaux d\u2019am\u00e9nagement des infrastructures","footnotes":""},"categories":[53,75],"tags":[],"class_list":["post-156134","post","type-post","status-publish","format-standard","hentry","category-algerie","category-sport"],"_links":{"self":[{"href":"https:\/\/linitiative.ca\/International\/wp-json\/wp\/v2\/posts\/156134","targetHints":{"allow":["GET"]}}],"collection":[{"href":"https:\/\/linitiative.ca\/International\/wp-json\/wp\/v2\/posts"}],"about":[{"href":"https:\/\/linitiative.ca\/International\/wp-json\/wp\/v2\/types\/post"}],"author":[{"embeddable":true,"href":"https:\/\/linitiative.ca\/International\/wp-json\/wp\/v2\/users\/1790"}],"replies":[{"embeddable":true,"href":"https:\/\/linitiative.ca\/International\/wp-json\/wp\/v2\/comments?post=156134"}],"version-history":[{"count":0,"href":"https:\/\/linitiative.ca\/International\/wp-json\/wp\/v2\/posts\/156134\/revisions"}],"wp:attachment":[{"href":"https:\/\/linitiative.ca\/International\/wp-json\/wp\/v2\/media?parent=156134"}],"wp:term":[{"taxonomy":"category","embeddable":true,"href":"https:\/\/linitiative.ca\/International\/wp-json\/wp\/v2\/categories?post=156134"},{"taxonomy":"post_tag","embeddable":true,"href":"https:\/\/linitiative.ca\/International\/wp-json\/wp\/v2\/tags?post=156134"}],"curies":[{"name":"wp","href":"https:\/\/api.w.org\/{rel}","templated":true}]}}