{"id":15643,"date":"2019-02-19T16:16:03","date_gmt":"2019-02-19T21:16:03","guid":{"rendered":"https:\/\/linitiative.ca\/International\/el-bechir-face-a-la-revolte-du-pain\/"},"modified":"2019-02-19T16:16:03","modified_gmt":"2019-02-19T21:16:03","slug":"el-bechir-face-a-la-revolte-du-pain","status":"publish","type":"post","link":"https:\/\/linitiative.ca\/International\/el-bechir-face-a-la-revolte-du-pain\/","title":{"rendered":"EL BECHIR FACE A LA REVOLTE DU PAIN"},"content":{"rendered":"<p><img decoding=\"async\" class=\"post_layout_5_img\" src=\"http:\/\/lepays.bf\/wp-content\/uploads\/2019\/02\/BECHIR.jpg\" alt=\"EL BECHIR FACE A LA REVOLTE DU PAIN\"\/><\/p>\n<p><strong>\u00a0<\/strong><strong>Le pouvoir \u00e0 vie ou la CPI<\/strong><\/p>\n<p>C\u2019est un Omar El B\u00e9chir entre le marteau de son peuple insurg\u00e9 et l\u2019enclume de la Cour p\u00e9nale internationale (CPI), qui \u00a0accuse ceux qui r\u00e9clament d\u00e9sormais ouvertement son d\u00e9part du pouvoir, d\u2019intelligence avec l\u2019\u00e9tranger en vue de d\u00e9stabiliser son r\u00e9gime. Jamais, en effet, l\u2019homme fort de Khartoum n\u2019a \u00e9t\u00e9 autant accul\u00e9, et de nombreux observateurs pensent que cette fois-ci, il est en train de jouer son va-tout ou sa survie dans cette crise d\u00e9clench\u00e9e suite \u00e0 la hausse du prix du pain d\u00e9cid\u00e9e par le gouvernement, l\u2019ann\u00e9e derni\u00e8re. Le Soudan, faut-il le rappeler, est \u00e9conomiquement asphyxi\u00e9 par plusieurs ann\u00e9es de guerre civile, et surtout par la partition du pays avec l\u2019ind\u00e9pendance du Soudan du Sud en 2011, sold\u00e9e par la perte des \u00be de ses r\u00e9serves p\u00e9troli\u00e8res. La d\u00e9pr\u00e9ciation de la livre soudanaise a gravement accentu\u00e9 le marasme \u00e9conomique d\u00e9j\u00e0 durement ressenti par les populations, et le r\u00e9gime n\u2019avait gu\u00e8re de choix dans ce contexte, que de mettre en place un plan d\u2019aust\u00e9rit\u00e9 qui induit, entre autres, une augmentation du co\u00fbt des denr\u00e9es alimentaires. C\u2019est l\u2019inflation du prix du pain qui est l\u2019une des denr\u00e9es les plus consomm\u00e9es au Soudan, qui a constitu\u00e9 le <em>casus belli<\/em>, et les manifestations pour s\u2019y opposer ont fini par gagner la capitale, malgr\u00e9 la r\u00e9pression f\u00e9roce de la police et le travail de filature d\u2019agents agissant pour le compte du r\u00e9gime et des puissants services de renseignement qui font de Khartoum l\u2019une des villes les plus surveill\u00e9es d\u2019Afrique. Les \u00e9meutiers de la faim surfent sans aucun doute sur le climat politique d\u00e9j\u00e0 explosif, surtout depuis qu\u2019Omar El B\u00e9chir, aux commandes du Soudan depuis 1989, a eu la mauvaise id\u00e9e de faire modifier la Constitution afin de briguer un autre mandat, \u00e0 la fin, en 2020, de celui en cours. Cette connexion entre le politique et le social dans cette crise, est d\u2019autant plus vraisemblable qu\u2019on a entendu des manifestants appeler ouvertement \u00e0 la chute du r\u00e9gime, et des opposants historiques comme Sadek al-Mahdi se d\u00e9lecter de cette avalanche de tuiles sur son tombeur et ennemi jur\u00e9.<\/p>\n<p><strong>Le <em>\u00ab\u00a0Ra\u00efs\u00a0\u00bb<\/em> se donnera tous les moyens pour s\u2019accrocher \u00e0 son fauteuil<\/strong><strong>\u00a0<\/strong><\/p>\n<p>Pour \u00e9viter d\u2019\u00eatre chass\u00e9 du pouvoir et de voir les portes de la justice s\u2019ouvrir grandement devant lui, le pr\u00e9sident soudanais a durci le ton ces derniers jours et a menac\u00e9 les leaders de l\u2019opposition qui travailleraient, selon lui, pour le compte de puissances \u00e9trang\u00e8res, de sanctions \u00e0 la hauteur de leur trahison. D\u00e9j\u00e0, des centaines de manifestants ont \u00e9t\u00e9 tu\u00e9s, et le nombre va aller malheureusement <em>crescendo<\/em> puisque les deux parties raidissent leurs positions jour apr\u00e8s jour. Car chaque jour qui passe, des milliers de Soudanais descendent dans les rues de Khartoum et d\u2019autres villes du pays, pour crier encore une fois leur ras-le-bol, mais le r\u00e9gime policier de El Bachir r\u00e9prime \u00e0 tout va. Entre finir ses jours dans le luxueux et imposant palais pr\u00e9sidentiel dont il arpente les couloirs depuis 30 ans, et une cellule de 10 m\u00e8tres carr\u00e9s \u00e0 Scheveningen, le choix est \u00e9videmment vite fait, et le <em>\u00ab\u00a0Ra\u00efs\u00a0\u00bb<\/em> se donnera tous les moyens pour s\u2019accrocher \u00e0 son fauteuil. Il se servira bien s\u00fbr du b\u00e2ton contre ses opposants comme il sait si bien le faire, mais il proposera dans le m\u00eame temps la carotte \u00e0 la frange docile du peuple afin d\u2019avoir sinon son silence, du moins sa neutralit\u00e9 dans cet \u00e9ni\u00e8me combat \u00e0 l\u2019issue incertaine. Dans son allocution du 3 janvier dernier, il avait annonc\u00e9 une augmentation substantielle des salaires et bien d\u2019autres avantages pour les fonctionnaires, mais cela n\u2019a pas suffi \u00e0 calmer les ardeurs de ceux qui souhaitent le voir enfin d\u00e9barrasser le plancher, dont les plus radicaux sont d\u2019ailleurs des agents de l\u2019Administration publique. Si l\u2019arme de la corruption ne percute pas comme il le veut, c\u2019est certain qu\u2019il fera encore appel \u00e0 ses snipers qui auront l\u2019ordre de tirer \u00e0 vue sur les manifestants depuis les toits des immeubles, exactement comme en septembre 2013 o\u00f9 plus de 200 personnes avaient \u00e9t\u00e9 massacr\u00e9es pour avoir d\u00e9nonc\u00e9 la tyrannie et la mal gouvernance du r\u00e9gime. Cette strat\u00e9gie du chaos pourrait \u00eatre contreproductive et m\u00eame extr\u00eamement dangereuse pour B\u00e9chir, car si le peuple soudanais arrivait \u00e0 le d\u00e9loger du palais pr\u00e9sidentiel comme il semble en avoir l\u2019intention, il irait dans le meilleur des cas r\u00e9pondre de ses actes devant la Justice internationale avec des charges encore plus lourdes du fait des derni\u00e8res r\u00e9pressions sur lesquelles la CPI enqu\u00eate d\u00e9j\u00e0. Tant qu\u2019\u00e0 faire, l\u2019inamovible pr\u00e9sident soudanais a plus \u00e0 gagner en n\u00e9gociant sa sortie de sc\u00e8ne avec ses compatriotes de l\u2019opposition, qui pourraient, le cas \u00e9ch\u00e9ant, lui indiquer le chemin de l\u2019exil vers un pays ami comme l\u2019Arabie Saoudite o\u00f9 il retrouverait l\u2019autre victime de la rue, Zine el-Abidine Ben Ali, ex-dictateur de la Tunisie et premi\u00e8re victime de ce qu\u2019on a appel\u00e9 le <em>\u00ab\u00a0printemps arabe\u00a0\u00bb<\/em>.<\/p>\n<p><strong>\u00a0<\/strong><\/p>\n<p><strong><em>\u00ab\u00a0Le Pays\u00a0\u00bb<\/em><\/strong><\/p>\n<p>Auteur: Le Pays<br \/>\n<a href=\"http:\/\/lepays.bf\/el-bechir-face-a-la-revolte-du-pain-4\/\">Cliquez ici pour lire l&rsquo;article depuis sa source.<\/a><\/p>\n","protected":false},"excerpt":{"rendered":"<p>\u00a0Le pouvoir \u00e0 vie ou la CPI C\u2019est un Omar El B\u00e9chir entre le marteau de son peuple insurg\u00e9 et l\u2019enclume de la Cour p\u00e9nale internationale (CPI), qui \u00a0accuse ceux qui r\u00e9clament d\u00e9sormais ouvertement son d\u00e9part du pouvoir, d\u2019intelligence avec l\u2019\u00e9tranger en vue de d\u00e9stabiliser son r\u00e9gime. Jamais, en effet, l\u2019homme fort de Khartoum n\u2019a [&hellip;]<\/p>\n","protected":false},"author":1813,"featured_media":15644,"comment_status":"closed","ping_status":"closed","sticky":false,"template":"","format":"standard","meta":{"fifu_image_url":"","fifu_image_alt":"","footnotes":""},"categories":[73,81],"tags":[],"class_list":["post-15643","post","type-post","status-publish","format-standard","has-post-thumbnail","hentry","category-actualite","category-burkina-faso"],"_links":{"self":[{"href":"https:\/\/linitiative.ca\/International\/wp-json\/wp\/v2\/posts\/15643","targetHints":{"allow":["GET"]}}],"collection":[{"href":"https:\/\/linitiative.ca\/International\/wp-json\/wp\/v2\/posts"}],"about":[{"href":"https:\/\/linitiative.ca\/International\/wp-json\/wp\/v2\/types\/post"}],"author":[{"embeddable":true,"href":"https:\/\/linitiative.ca\/International\/wp-json\/wp\/v2\/users\/1813"}],"replies":[{"embeddable":true,"href":"https:\/\/linitiative.ca\/International\/wp-json\/wp\/v2\/comments?post=15643"}],"version-history":[{"count":0,"href":"https:\/\/linitiative.ca\/International\/wp-json\/wp\/v2\/posts\/15643\/revisions"}],"wp:featuredmedia":[{"embeddable":true,"href":"https:\/\/linitiative.ca\/International\/wp-json\/"}],"wp:attachment":[{"href":"https:\/\/linitiative.ca\/International\/wp-json\/wp\/v2\/media?parent=15643"}],"wp:term":[{"taxonomy":"category","embeddable":true,"href":"https:\/\/linitiative.ca\/International\/wp-json\/wp\/v2\/categories?post=15643"},{"taxonomy":"post_tag","embeddable":true,"href":"https:\/\/linitiative.ca\/International\/wp-json\/wp\/v2\/tags?post=15643"}],"curies":[{"name":"wp","href":"https:\/\/api.w.org\/{rel}","templated":true}]}}