{"id":15652,"date":"2019-02-19T15:50:10","date_gmt":"2019-02-19T20:50:10","guid":{"rendered":"https:\/\/linitiative.ca\/International\/le-burundi-et-la-somalie-pour-un-sommet-sur-le-retrait-des-forces-burundaises-de-somalie\/"},"modified":"2019-02-19T15:50:10","modified_gmt":"2019-02-19T20:50:10","slug":"le-burundi-et-la-somalie-pour-un-sommet-sur-le-retrait-des-forces-burundaises-de-somalie","status":"publish","type":"post","link":"https:\/\/linitiative.ca\/International\/le-burundi-et-la-somalie-pour-un-sommet-sur-le-retrait-des-forces-burundaises-de-somalie\/","title":{"rendered":"Le Burundi et la Somalie pour un sommet sur le retrait des forces burundaises de Somalie"},"content":{"rendered":"<div readability=\"32\">\n<p>Publi\u00e9 le 19.02.2019 \u00e0 21h50 par AFP<\/p>\n<\/div>\n<div readability=\"98\">\n<p>Les pr\u00e9sident burundais et somalien ont demand\u00e9 mardi de toute \u00ab\u00a0urgence\u00a0\u00bb un sommet des chefs d\u2019\u00e9tat des pays contributeurs de troupes de la Force africaine en Somalie (Amisom), afin de r\u00e9examiner la question du retrait annonc\u00e9 de 1.000 soldats du contingent burundais de Somalie d\u2019ici au 28 f\u00e9vrier.<\/p>\n<p>\u00ab\u00a0Nous avons discut\u00e9 de la contribution des soldats burundais en Somalie (\u2026) ainsi que d\u2019une d\u00e9cision prise par le Conseil paix et s\u00e9curit\u00e9 de l\u2019Union africaine (CPS) qui n\u2019a pas satisfait les Burundais\u00a0\u00bb et les Somaliens, a annonc\u00e9 le pr\u00e9sident burundais Pierre Nkurunziza, apr\u00e8s un t\u00eate-\u00e0-t\u00eate \u00e0 bujumbura avec son homologue somalien Mohamed Abdullahi Mohamed.<\/p>\n<p>En d\u00e9cembre 2018, l\u2019UA avait demand\u00e9 au seul Burundi le retrait de 1.000 soldats de son contingent d\u2019ici au 28 f\u00e9vrier, dans le cadre d\u2019un programme de d\u00e9sengagement progressif de l\u2019Amisom contest\u00e9 par le Burundi.<\/p>\n<p>La pr\u00e9sence de soldats burundais en Somalie constitue une source de revenus en devises pour le Burundi.<\/p>\n<p>\u00ab\u00a0Nous avons convenus de convoquer un sommet urgent des chefs d\u2019Etat contributeurs de troupes au sein de l\u2019Amisom pour que cette d\u00e9cision soit revue dans le bon sens (\u2026) pour que les op\u00e9rations puissent se poursuivre sans probl\u00e8mes\u00a0\u00bb, a d\u00e9clar\u00e9 le chef de l\u2019\u00e9tat burundais.<\/p>\n<p>Selon une source de l\u2019UA, la liste des 1.000 Burundais \u00e0 rapatrier a d\u00e9j\u00e0 \u00e9t\u00e9 dress\u00e9e et \u00ab\u00a0les vols qui doivent les ramener au Burundi sont programm\u00e9s du 21 au 26 f\u00e9vrier\u00a0\u00bb.<\/p>\n<p>Le gouvernement burundais continue de contester cette d\u00e9cision. Des sources de l\u2019UA et burundaises assurent \u00e0 l\u2019AFP que \u00ab\u00a0le ministre burundais de la D\u00e9fense est d\u00e9cid\u00e9 \u00e0 engager un bras de fer\u00a0\u00bb, en assurant que \u00ab\u00a0le Burundi ne va pas retirer de Somalie plus de 400 soldats\u00a0\u00bb.<\/p>\n<p><ins data-revive-zoneid=\"9\" data-revive-id=\"10111e19d28d19d031742ee3b0b33eb0\"\/> <\/p>\n<p>Le ministre burundais des Affaires \u00e9trang\u00e8res, Ezechiel Nibigira, vient de s\u00e9journer en \u00c9gypte o\u00f9 il a obtenu le soutien du pr\u00e9sident \u00e9gyptien Abdel Fattah al-Sissi, nouveau pr\u00e9sident en exercice de l\u2019UA, selon un cadre de haut niveau de ce minist\u00e8re.<\/p>\n<p>Le pr\u00e9sident Nkurinziza a invit\u00e9 son homologue somalien Mohamed Abdullahi Mohamed, qui a effectu\u00e9 une \u00ab\u00a0visite officielle\u00a0\u00bb lundi et mardi au Burundi.<\/p>\n<p>Le pr\u00e9sident somalien a lou\u00e9 le sacrifice des soldats burundais, \u00ab\u00a0parmi les premiers\u00a0\u00bb \u00e0 avoir \u00e9t\u00e9 d\u00e9ploy\u00e9s en Somalie.<\/p>\n<p>Le Burundi, deuxi\u00e8me pays contributeur de troupes de l\u2019Amisom, a pay\u00e9 un lourd tribut en Somalie. Des sources militaires estiment \u00e0 entre 800 et 1.000 le nombre de soldats burundais tu\u00e9s en Somalie.<\/p>\n<p>Chass\u00e9s de Mogadiscio en 2011, les shebab islamistes ont ensuite perdu l\u2019essentiel de leurs bastions. Mais ils contr\u00f4lent toujours de vastes zones rurales d\u2019o\u00f9 ils m\u00e8nent des op\u00e9rations de gu\u00e9rilla et des attentats-suicides contre des objectifs gouvernementaux, s\u00e9curitaires ou civils.<\/p>\n<p>Ils ont jur\u00e9 la perte du gouvernement somalien, soutenu par la communaut\u00e9 internationale et par les 20.000 hommes de la force de l\u2019Amisom.<\/p>\n<\/div>\n<p>Auteur: AFP<br \/>\n<a href=\"https:\/\/www.journalducameroun.com\/le-burundi-et-la-somalie-pour-un-sommet-sur-le-retrait-des-forces-burundaises-de-somalie\/\">Cliquez ici pour lire l&rsquo;article depuis sa source.<\/a><\/p>\n","protected":false},"excerpt":{"rendered":"<p>Publi\u00e9 le 19.02.2019 \u00e0 21h50 par AFP Les pr\u00e9sident burundais et somalien ont demand\u00e9 mardi de toute \u00ab\u00a0urgence\u00a0\u00bb un sommet des chefs d\u2019\u00e9tat des pays contributeurs de troupes de la Force africaine en Somalie (Amisom), afin de r\u00e9examiner la question du retrait annonc\u00e9 de 1.000 soldats du contingent burundais de Somalie d\u2019ici au 28 f\u00e9vrier. [&hellip;]<\/p>\n","protected":false},"author":1965,"featured_media":0,"comment_status":"closed","ping_status":"closed","sticky":false,"template":"","format":"standard","meta":{"fifu_image_url":"","fifu_image_alt":"","footnotes":""},"categories":[73,82],"tags":[],"class_list":["post-15652","post","type-post","status-publish","format-standard","hentry","category-actualite","category-cameroun"],"_links":{"self":[{"href":"https:\/\/linitiative.ca\/International\/wp-json\/wp\/v2\/posts\/15652","targetHints":{"allow":["GET"]}}],"collection":[{"href":"https:\/\/linitiative.ca\/International\/wp-json\/wp\/v2\/posts"}],"about":[{"href":"https:\/\/linitiative.ca\/International\/wp-json\/wp\/v2\/types\/post"}],"author":[{"embeddable":true,"href":"https:\/\/linitiative.ca\/International\/wp-json\/wp\/v2\/users\/1965"}],"replies":[{"embeddable":true,"href":"https:\/\/linitiative.ca\/International\/wp-json\/wp\/v2\/comments?post=15652"}],"version-history":[{"count":0,"href":"https:\/\/linitiative.ca\/International\/wp-json\/wp\/v2\/posts\/15652\/revisions"}],"wp:attachment":[{"href":"https:\/\/linitiative.ca\/International\/wp-json\/wp\/v2\/media?parent=15652"}],"wp:term":[{"taxonomy":"category","embeddable":true,"href":"https:\/\/linitiative.ca\/International\/wp-json\/wp\/v2\/categories?post=15652"},{"taxonomy":"post_tag","embeddable":true,"href":"https:\/\/linitiative.ca\/International\/wp-json\/wp\/v2\/tags?post=15652"}],"curies":[{"name":"wp","href":"https:\/\/api.w.org\/{rel}","templated":true}]}}