{"id":15654,"date":"2019-02-19T16:18:05","date_gmt":"2019-02-19T21:18:05","guid":{"rendered":"https:\/\/linitiative.ca\/International\/vers-un-comite-pour-la-liberation-des-prisonniers-politiques-au-cameroun\/"},"modified":"2019-02-19T16:18:05","modified_gmt":"2019-02-19T21:18:05","slug":"vers-un-comite-pour-la-liberation-des-prisonniers-politiques-au-cameroun","status":"publish","type":"post","link":"https:\/\/linitiative.ca\/International\/vers-un-comite-pour-la-liberation-des-prisonniers-politiques-au-cameroun\/","title":{"rendered":"Vers un comit\u00e9 pour la lib\u00e9ration des \u00ab prisonniers politiques \u00bb au Cameroun"},"content":{"rendered":"<div readability=\"32\">\n<p>Publi\u00e9 le 19.02.2019 \u00e0 22h18 par APA News<\/p>\n<\/div>\n<div readability=\"79\">\n<p>L\u2019opposition camerounaise, sous la houlette du Social democratic front (SDF), parti leader de l\u2019opposition parlementaire et du Mouvement pour la renaissance du Cameroun (MRC), a annonc\u00e9, mardi, la cr\u00e9ation d\u2019un comit\u00e9 pour \u00ab la lib\u00e9ration des prisonniers politiques au Cameroun.\u00abJe me suis rapproch\u00e9 des leaders du MRC en libert\u00e9, nous sommes ensemble en train de mettre sur pied un comit\u00e9 pour la lib\u00e9ration de tous les prisonniers politiques au Cameroun\u00bb, a d\u00e9clar\u00e9 Joshua Osih, 1er vice-pr\u00e9sident national du SDF, et candidat de cette formation politique \u00e0 la pr\u00e9sidentielle du 8 octobre 2018 remport\u00e9e par le pr\u00e9sident Paul Biya avec 71,28% de suffrages.<\/p>\n<p>Intervenant dans un programme interactif \u00e0 la chaine de t\u00e9l\u00e9vision priv\u00e9e Equinoxe \u00e9mettant \u00e0 Douala, ce d\u00e9put\u00e9 \u00e0 l\u2019Assembl\u00e9e nationale a affirm\u00e9 que \u00able fait de croire qu\u2019on peut r\u00e9gler des probl\u00e8mes politiques en mettant les gens en prison, ne nous avance pas \u00bb, a-t-il soulign\u00e9. J\u2019ose croire qu\u2019ils seront lib\u00e9r\u00e9s d\u2019ici quelques jours \u00bb.<\/p>\n<p>A travers ce comit\u00e9, le SDF et le MRC esp\u00e8rent mettre la pression pour obtenir la lib\u00e9ration de Maurice Kamto pr\u00e9sident national du MRC et plus de 130 de ses partisans, incarc\u00e9r\u00e9s \u00e0 la prison de Kondengui pour avoir tenue des manifestations publiques sans autorisation des pouvoirs publics.<\/p>\n<p>Pour ce qui est du fonctionnement dudit comit\u00e9, M. Osif a renseign\u00e9 qu\u2019il sera pilot\u00e9 par la soci\u00e9t\u00e9 civile.<\/p>\n<p><ins data-revive-zoneid=\"9\" data-revive-id=\"10111e19d28d19d031742ee3b0b33eb0\"\/> <\/p>\n<p>\u00abNous avons d\u00e9j\u00e0 identifi\u00e9 les acteurs de la soci\u00e9t\u00e9 civile qui pourront porter ce projet. Le SDF et le MRC seront juste derri\u00e8re comme des guides\u00bb, a-t-il expliqu\u00e9.<\/p>\n<p>A en croire des initiateurs de cette plate-forme, leur action concerne \u00ab tous les prisonniers politiques, y compris ceux du Rassemblement d\u00e9mocratique du peuple camerounais (RDPC, au pouvoir) incarc\u00e9r\u00e9s parce qu\u2019ils \u00e9taient en rupture de ban avec le r\u00e9gime \u00bb.<\/p>\n<p>Le gouvernement camerounais a toujours r\u00e9fut\u00e9 l\u2019existence de prisonniers politiques au Cameroun, indiquant que des personnes pr\u00e9sent\u00e9es comme tel \u00e9taient g\u00e9n\u00e9ralement des prisonniers de droits communs.<\/p>\n<\/div>\n<p>Auteur: APA News<br \/>\n<a href=\"https:\/\/www.journalducameroun.com\/vers-un-comite-pour-la-liberation-des-prisonniers-politiques-au-cameroun\/\">Cliquez ici pour lire l&rsquo;article depuis sa source.<\/a><\/p>\n","protected":false},"excerpt":{"rendered":"<p>Publi\u00e9 le 19.02.2019 \u00e0 22h18 par APA News L\u2019opposition camerounaise, sous la houlette du Social democratic front (SDF), parti leader de l\u2019opposition parlementaire et du Mouvement pour la renaissance du Cameroun (MRC), a annonc\u00e9, mardi, la cr\u00e9ation d\u2019un comit\u00e9 pour \u00ab la lib\u00e9ration des prisonniers politiques au Cameroun.\u00abJe me suis rapproch\u00e9 des leaders du MRC [&hellip;]<\/p>\n","protected":false},"author":1965,"featured_media":0,"comment_status":"closed","ping_status":"closed","sticky":false,"template":"","format":"standard","meta":{"fifu_image_url":"","fifu_image_alt":"","footnotes":""},"categories":[73,82],"tags":[],"class_list":["post-15654","post","type-post","status-publish","format-standard","hentry","category-actualite","category-cameroun"],"_links":{"self":[{"href":"https:\/\/linitiative.ca\/International\/wp-json\/wp\/v2\/posts\/15654","targetHints":{"allow":["GET"]}}],"collection":[{"href":"https:\/\/linitiative.ca\/International\/wp-json\/wp\/v2\/posts"}],"about":[{"href":"https:\/\/linitiative.ca\/International\/wp-json\/wp\/v2\/types\/post"}],"author":[{"embeddable":true,"href":"https:\/\/linitiative.ca\/International\/wp-json\/wp\/v2\/users\/1965"}],"replies":[{"embeddable":true,"href":"https:\/\/linitiative.ca\/International\/wp-json\/wp\/v2\/comments?post=15654"}],"version-history":[{"count":0,"href":"https:\/\/linitiative.ca\/International\/wp-json\/wp\/v2\/posts\/15654\/revisions"}],"wp:attachment":[{"href":"https:\/\/linitiative.ca\/International\/wp-json\/wp\/v2\/media?parent=15654"}],"wp:term":[{"taxonomy":"category","embeddable":true,"href":"https:\/\/linitiative.ca\/International\/wp-json\/wp\/v2\/categories?post=15654"},{"taxonomy":"post_tag","embeddable":true,"href":"https:\/\/linitiative.ca\/International\/wp-json\/wp\/v2\/tags?post=15654"}],"curies":[{"name":"wp","href":"https:\/\/api.w.org\/{rel}","templated":true}]}}